{"id":54200,"date":"2026-09-05T18:04:46","date_gmt":"2026-09-05T18:04:46","guid":{"rendered":"https:\/\/yas31.com\/?p=54200"},"modified":"2026-09-05T18:04:46","modified_gmt":"2026-09-05T18:04:46","slug":"jose-jr-e-as-muitas-maos-por-tras-de-linhas-invisiveis","status":"publish","type":"post","link":"https:\/\/yas31.com\/?p=54200","title":{"rendered":"JOS\u00c9 JR. E AS MUITAS M\u00c3OS POR TR\u00c1S DE \u201cLINHAS INVIS\u00cdVEIS\u201d"},"content":{"rendered":"<p><strong>No primeiro epis\u00f3dio do YRY Cast, Jos\u00e9 Jr. fala sobre o processo criativo, as viagens, as colabora\u00e7\u00f5es e a constru\u00e7\u00e3o de seu novo \u00e1lbum, \u201cLinhas Invis\u00edveis\u201d.<\/strong><\/p>\n<p>Alguns \u00e1lbuns come\u00e7am com uma ideia. Outros simplesmente acontecem.<\/p>\n<p>Para Jos\u00e9 Jr., \u201cLinhas Invis\u00edveis\u201d nasceu de uma viagem \u00e0 Tail\u00e2ndia, no final de 2024, que mudou sua perspectiva sobre f\u00e9, exist\u00eancia e sobre si mesmo. De volta ao Brasil, vieram muitas perguntas \u2014 e nenhuma resposta.<\/p>\n<p><iframe loading=\"lazy\" title=\"YRY CAST.EP 01 - JOS\u00c9 JR. E AS MUITAS M\u00c3OS POR TR\u00c1S DE \u201cLINHAS INVIS\u00cdVEIS\u201d\" width=\"1200\" height=\"900\" src=\"https:\/\/www.youtube.com\/embed\/2X8ZN1KTG3w?feature=oembed\" frameborder=\"0\" allow=\"accelerometer; autoplay; clipboard-write; encrypted-media; gyroscope; picture-in-picture; web-share\" referrerpolicy=\"strict-origin-when-cross-origin\" allowfullscreen><\/iframe><\/p>\n<p>As m\u00fasicas come\u00e7aram a surgir desse lugar de investiga\u00e7\u00e3o. Sem a inten\u00e7\u00e3o inicial de fazer um \u00e1lbum, Jos\u00e9 foi escrevendo, compondo e percebendo que aquelas faixas conversavam entre si. Quando chegou a doze m\u00fasicas, entendeu que havia ali uma obra coesa, com linguagem e est\u00e9tica pr\u00f3prias.<\/p>\n<p><img loading=\"lazy\" decoding=\"async\" class=\"alignnone size-full wp-image-54201\" src=\"https:\/\/yas31.com\/wp-content\/uploads\/2026\/09\/ab67616d0000b273503b4d657bf55ec59358315c.jpeg\" alt=\"\" width=\"640\" height=\"640\" \/><\/p>\n<p>A produ\u00e7\u00e3o come\u00e7ou em julho de 2025 e se estendeu por cerca de um ano. Ao lado do produtor Gabriel Bulara, Jos\u00e9 construiu o \u00e1lbum \u00e0 dist\u00e2ncia, mas com uma presen\u00e7a constante no processo. Viagens para acompanhar grava\u00e7\u00f5es, conversas di\u00e1rias e uma aten\u00e7\u00e3o quase obsessiva aos detalhes fizeram parte da constru\u00e7\u00e3o.<\/p>\n<p>\u201cEu conhe\u00e7o cada notinha, cada minutagem das m\u00fasicas, porque eu fiz muita quest\u00e3o de participar de tudo.\u201d<\/p>\n<div class=\"atbs-ceris-responsive-video\"><iframe loading=\"lazy\" title=\"Linhas Invis\u00edveis \u2013 Trailer\" width=\"1200\" height=\"900\" src=\"https:\/\/www.youtube.com\/embed\/6YLzZEiy-pI?feature=oembed\" frameborder=\"0\" allow=\"accelerometer; autoplay; clipboard-write; encrypted-media; gyroscope; picture-in-picture; web-share\" referrerpolicy=\"strict-origin-when-cross-origin\" allowfullscreen><\/iframe><\/div>\n<p>Mas o \u00e1lbum quase n\u00e3o saiu naquele momento. Durante a finaliza\u00e7\u00e3o, Jos\u00e9 passou por quest\u00f5es pessoais e decidiu interromper o lan\u00e7amento. S\u00f3 depois de concluir as grava\u00e7\u00f5es das vozes, em S\u00e3o Paulo, sentiu novamente que era hora de colocar o trabalho no mundo.<\/p>\n<p>E se a m\u00fasica nasceu de experi\u00eancias e perguntas, o universo visual precisou encontrar sua pr\u00f3pria linguagem.<\/p>\n<p>A capa, inicialmente pensada como algo mais elaborado, acabou surgindo de uma fotografia espont\u00e2nea feita durante uma brincadeira no est\u00fadio: Jos\u00e9 segurando uma linha invis\u00edvel. Depois de testar outras possibilidades, voltou \u00e0quela primeira imagem.<\/p>\n<p>\u201cEu olhei pra aquela foto e falei, mano, n\u00e3o \u00e9 essa. Sempre foi ela.\u201d<\/p>\n<p>A constru\u00e7\u00e3o visual tamb\u00e9m ampliou a dimens\u00e3o do projeto. Videoclipes, visualizers, fotografias, registros anal\u00f3gicos e diferentes colaboradores passaram a criar novas camadas para o \u00e1lbum.<\/p>\n<p>Para Jos\u00e9, um trabalho art\u00edstico n\u00e3o termina no som. A imagem tamb\u00e9m comunica, cria acessibilidade e amplia aquilo que a m\u00fasica quer dizer.<\/p>\n<p>E talvez esteja a\u00ed uma das ideias centrais de \u201cLinhas Invis\u00edveis\u201d: embora o \u00e1lbum carregue o nome de Jos\u00e9 Jr., ele n\u00e3o foi constru\u00eddo sozinho.<\/p>\n<p>\u201cSeria muito ingenuidade da minha parte falar que \u00e9 um \u00e1lbum meu. Porque tem muitas m\u00e3os.\u201d<\/p>\n<p>No primeiro epis\u00f3dio do <strong>YRY Cast<\/strong>, Jos\u00e9 Jr. e Diego Ruahn conversam sobre tudo aquilo que existe por tr\u00e1s de uma obra antes que ela finalmente chegue ao p\u00fablico \u2014 das primeiras perguntas \u00e0s \u00faltimas decis\u00f5es, das linhas invis\u00edveis \u00e0s muitas pessoas que ajudaram a torn\u00e1-las vis\u00edveis.<\/p>\n\n\t\t<style>\n\t\t\t#gallery-1 {\n\t\t\t\tmargin: auto;\n\t\t\t}\n\t\t\t#gallery-1 .gallery-item {\n\t\t\t\tfloat: left;\n\t\t\t\tmargin-top: 10px;\n\t\t\t\ttext-align: center;\n\t\t\t\twidth: 50%;\n\t\t\t}\n\t\t\t#gallery-1 img {\n\t\t\t\tborder: 2px solid #cfcfcf;\n\t\t\t}\n\t\t\t#gallery-1 .gallery-caption {\n\t\t\t\tmargin-left: 0;\n\t\t\t}\n\t\t\t\/* see gallery_shortcode() in wp-includes\/media.php *\/\n\t\t<\/style>\n\t\t<div id='gallery-1' class='gallery galleryid-54200 gallery-columns-2 gallery-size-medium'><dl class='gallery-item'>\n\t\t\t<dt class='gallery-icon portrait'>\n\t\t\t\t<a href='https:\/\/yas31.com\/?attachment_id=54202'><img loading=\"lazy\" decoding=\"async\" width=\"201\" height=\"300\" src=\"https:\/\/yas31.com\/wp-content\/uploads\/2026\/09\/94CE8C47-44F9-465A-A941-4D62BC28D764-201x300.jpg\" class=\"attachment-medium size-medium\" alt=\"\" \/><\/a>\n\t\t\t<\/dt><\/dl><dl class='gallery-item'>\n\t\t\t<dt class='gallery-icon portrait'>\n\t\t\t\t<a href='https:\/\/yas31.com\/?attachment_id=54203'><img loading=\"lazy\" decoding=\"async\" width=\"198\" height=\"300\" src=\"https:\/\/yas31.com\/wp-content\/uploads\/2026\/09\/38DD0230-417D-441D-AD61-A2D3D0671D2F-198x300.jpg\" class=\"attachment-medium size-medium\" alt=\"\" \/><\/a>\n\t\t\t<\/dt><\/dl><br style=\"clear: both\" \/><dl class='gallery-item'>\n\t\t\t<dt class='gallery-icon portrait'>\n\t\t\t\t<a href='https:\/\/yas31.com\/?attachment_id=54204'><img loading=\"lazy\" decoding=\"async\" width=\"196\" height=\"300\" src=\"https:\/\/yas31.com\/wp-content\/uploads\/2026\/09\/CDDDA020-3470-40C4-9F74-4164E2C6C056-196x300.jpg\" class=\"attachment-medium size-medium\" alt=\"\" \/><\/a>\n\t\t\t<\/dt><\/dl><dl class='gallery-item'>\n\t\t\t<dt class='gallery-icon landscape'>\n\t\t\t\t<a href='https:\/\/yas31.com\/?attachment_id=54205'><img loading=\"lazy\" decoding=\"async\" width=\"300\" height=\"169\" src=\"https:\/\/yas31.com\/wp-content\/uploads\/2026\/09\/D41225DE-7573-48D1-BDD6-36F7898A949E-300x169.jpg\" class=\"attachment-medium size-medium\" alt=\"\" \/><\/a>\n\t\t\t<\/dt><\/dl><br style=\"clear: both\" \/><dl class='gallery-item'>\n\t\t\t<dt class='gallery-icon landscape'>\n\t\t\t\t<a href='https:\/\/yas31.com\/?attachment_id=54206'><img loading=\"lazy\" decoding=\"async\" width=\"300\" height=\"202\" src=\"https:\/\/yas31.com\/wp-content\/uploads\/2026\/09\/F2C63159-7DAC-4951-9D6E-88E27A9102CC-300x202.jpg\" class=\"attachment-medium size-medium\" alt=\"\" \/><\/a>\n\t\t\t<\/dt><\/dl><dl class='gallery-item'>\n\t\t\t<dt class='gallery-icon portrait'>\n\t\t\t\t<a href='https:\/\/yas31.com\/?attachment_id=54207'><img loading=\"lazy\" decoding=\"async\" width=\"211\" height=\"300\" src=\"https:\/\/yas31.com\/wp-content\/uploads\/2026\/09\/IMG_0690-211x300.jpg\" class=\"attachment-medium size-medium\" alt=\"\" aria-describedby=\"gallery-1-54207\" \/><\/a>\n\t\t\t<\/dt>\n\t\t\t\t<dd class='wp-caption-text gallery-caption' id='gallery-1-54207'>\n\t\t\t\tScreenshot\n\t\t\t\t<\/dd><\/dl><br style=\"clear: both\" \/><dl class='gallery-item'>\n\t\t\t<dt class='gallery-icon landscape'>\n\t\t\t\t<a href='https:\/\/yas31.com\/?attachment_id=54208'><img loading=\"lazy\" decoding=\"async\" width=\"300\" height=\"197\" src=\"https:\/\/yas31.com\/wp-content\/uploads\/2026\/09\/IMG_0870-300x197.jpg\" class=\"attachment-medium size-medium\" alt=\"\" aria-describedby=\"gallery-1-54208\" \/><\/a>\n\t\t\t<\/dt>\n\t\t\t\t<dd class='wp-caption-text gallery-caption' id='gallery-1-54208'>\n\t\t\t\tScreenshot\n\t\t\t\t<\/dd><\/dl><dl class='gallery-item'>\n\t\t\t<dt class='gallery-icon portrait'>\n\t\t\t\t<a href='https:\/\/yas31.com\/?attachment_id=54209'><img loading=\"lazy\" decoding=\"async\" width=\"187\" height=\"300\" src=\"https:\/\/yas31.com\/wp-content\/uploads\/2026\/09\/5164BDAE-1681-4DEF-B7F1-2D14BBE40E53-187x300.jpg\" class=\"attachment-medium size-medium\" alt=\"\" \/><\/a>\n\t\t\t<\/dt><\/dl><br style=\"clear: both\" \/>\n\t\t<\/div>\n\n","protected":false},"excerpt":{"rendered":"<p>No primeiro epis\u00f3dio do YRY Cast, Jos\u00e9 Jr. fala sobre o processo criativo, as viagens, as colabora\u00e7\u00f5es e a constru\u00e7\u00e3o de seu novo \u00e1lbum, \u201cLinhas Invis\u00edveis\u201d. Alguns \u00e1lbuns come\u00e7am com uma ideia. Outros simplesmente acontecem. Para Jos\u00e9 Jr., \u201cLinhas Invis\u00edveis\u201d nasceu de uma viagem \u00e0 Tail\u00e2ndia, no final de 2024, que mudou sua perspectiva sobre f\u00e9, exist\u00eancia e sobre si mesmo. De volta ao Brasil, vieram muitas perguntas \u2014 e nenhuma resposta. As m\u00fasicas come\u00e7aram a surgir desse lugar de investiga\u00e7\u00e3o. Sem a inten\u00e7\u00e3o inicial de fazer um \u00e1lbum, Jos\u00e9 foi escrevendo, compondo e percebendo que aquelas faixas conversavam entre [&hellip;]<\/p>\n","protected":false},"author":1,"featured_media":54206,"comment_status":"closed","ping_status":"closed","sticky":false,"template":"","format":"standard","meta":{"_jetpack_newsletter_access":"","_jetpack_dont_email_post_to_subs":false,"_jetpack_newsletter_tier_id":0,"_jetpack_memberships_contains_paywalled_content":false,"_jetpack_feature_clip_id":0,"_jetpack_memberships_contains_paid_content":false,"footnotes":"","jetpack_post_was_ever_published":false},"categories":[1552],"tags":[],"class_list":["post-54200","post","type-post","status-publish","format-standard","has-post-thumbnail","hentry","category-yry-cast","post--single"],"jetpack_featured_media_url":"https:\/\/yas31.com\/wp-content\/uploads\/2026\/09\/F2C63159-7DAC-4951-9D6E-88E27A9102CC.jpg","jetpack_sharing_enabled":true,"_links":{"self":[{"href":"https:\/\/yas31.com\/index.php?rest_route=\/wp\/v2\/posts\/54200","targetHints":{"allow":["GET"]}}],"collection":[{"href":"https:\/\/yas31.com\/index.php?rest_route=\/wp\/v2\/posts"}],"about":[{"href":"https:\/\/yas31.com\/index.php?rest_route=\/wp\/v2\/types\/post"}],"author":[{"embeddable":true,"href":"https:\/\/yas31.com\/index.php?rest_route=\/wp\/v2\/users\/1"}],"replies":[{"embeddable":true,"href":"https:\/\/yas31.com\/index.php?rest_route=%2Fwp%2Fv2%2Fcomments&post=54200"}],"version-history":[{"count":1,"href":"https:\/\/yas31.com\/index.php?rest_route=\/wp\/v2\/posts\/54200\/revisions"}],"predecessor-version":[{"id":54210,"href":"https:\/\/yas31.com\/index.php?rest_route=\/wp\/v2\/posts\/54200\/revisions\/54210"}],"wp:featuredmedia":[{"embeddable":true,"href":"https:\/\/yas31.com\/index.php?rest_route=\/wp\/v2\/media\/54206"}],"wp:attachment":[{"href":"https:\/\/yas31.com\/index.php?rest_route=%2Fwp%2Fv2%2Fmedia&parent=54200"}],"wp:term":[{"taxonomy":"category","embeddable":true,"href":"https:\/\/yas31.com\/index.php?rest_route=%2Fwp%2Fv2%2Fcategories&post=54200"},{"taxonomy":"post_tag","embeddable":true,"href":"https:\/\/yas31.com\/index.php?rest_route=%2Fwp%2Fv2%2Ftags&post=54200"}],"curies":[{"name":"wp","href":"https:\/\/api.w.org\/{rel}","templated":true}]}}