{"id":54160,"date":"2025-08-28T14:59:43","date_gmt":"2025-08-28T14:59:43","guid":{"rendered":"https:\/\/yas31.com\/?p=54160"},"modified":"2026-08-28T15:04:06","modified_gmt":"2026-08-28T15:04:06","slug":"dj-kingdom-a-potencia-do-funk-e-da-musica-eletronica-periferica-de-bh-retrato-falado","status":"publish","type":"post","link":"https:\/\/yas31.com\/?p=54160","title":{"rendered":"DJ Kingdom: a pot\u00eancia do funk e da m\u00fasica eletr\u00f4nica perif\u00e9rica de BH | Retrato Falado"},"content":{"rendered":"<p><strong>De Contagem para o mundo, DJ Kingdom transforma sua trajet\u00f3ria na m\u00fasica em um movimento que conecta funk, m\u00fasica eletr\u00f4nica, periferia e identidade mineira.<\/strong><\/p>\n<div class=\"atbs-ceris-responsive-video\"><iframe loading=\"lazy\" title=\"A Pot\u00eancia do Funk e da Eletr\u00f4nica Perif\u00e9rica com DJ Kingdom | Retrato Falado [#12] | THE YAS\" width=\"1200\" height=\"675\" src=\"https:\/\/www.youtube.com\/embed\/1ihUfVr-MM0?feature=oembed\" frameborder=\"0\" allow=\"accelerometer; autoplay; clipboard-write; encrypted-media; gyroscope; picture-in-picture; web-share\" referrerpolicy=\"strict-origin-when-cross-origin\" allowfullscreen><\/iframe><\/div>\n<p>H\u00e1 dez anos, DJ Kingdom escolheu transformar em profiss\u00e3o aquilo que j\u00e1 fazia parte dos seus sonhos de inf\u00e2ncia: trabalhar com m\u00fasica. Natural de Contagem, na Regi\u00e3o Metropolitana de Belo Horizonte, a artista encontrou na discotecagem uma forma de contar sua pr\u00f3pria hist\u00f3ria \u2014 e, ao mesmo tempo, representar uma cena que vem ganhando cada vez mais espa\u00e7o dentro e fora do Brasil.<\/p>\n<p>\u201cMeu sonho de crian\u00e7a era trabalhar com m\u00fasica\u201d, relembra.<\/p>\n<p>Em 2026, ao completar uma d\u00e9cada de carreira, Kingdom olha para tr\u00e1s e reconhece que est\u00e1 vivendo aquilo que imaginava quando ainda era crian\u00e7a. Entre os momentos mais marcantes dessa trajet\u00f3ria est\u00e1 o convite para tocar na Europa. Mais do que uma viagem internacional, a experi\u00eancia representou a confirma\u00e7\u00e3o de que a m\u00fasica produzida a partir de sua realidade tamb\u00e9m poderia atravessar fronteiras.<\/p>\n<div id=\"attachment_54161\" style=\"width: 834px\" class=\"wp-caption alignnone\"><img loading=\"lazy\" decoding=\"async\" aria-describedby=\"caption-attachment-54161\" class=\"size-large wp-image-54161\" src=\"https:\/\/yas31.com\/wp-content\/uploads\/2026\/08\/IMG_0243-824x1024.jpg\" alt=\"\" width=\"824\" height=\"1024\" \/><p id=\"caption-attachment-54161\" class=\"wp-caption-text\">Screenshot<\/p><\/div>\n<p>\u201cEu poder contar a minha hist\u00f3ria atrav\u00e9s da arte que eu desempenho, que \u00e9 tocar, que \u00e9 discotecar.\u201d<\/p>\n<p>Para a DJ, existe algo ainda mais poderoso nessa troca: perceber que pessoas de outros lugares conhecem seu trabalho, acompanham seus sets e querem dividir uma pista com ela.<\/p>\n<p>\u201cEssa troca, ela n\u00e3o tem pre\u00e7o.\u201d<\/p>\n<h2>M\u00fasica eletr\u00f4nica de favela<\/h2>\n<p>Ao longo da conversa, Kingdom tamb\u00e9m questiona as fronteiras que ainda existem entre o funk e a m\u00fasica eletr\u00f4nica. Para ela, o funk produzido nas periferias brasileiras deve ser reconhecido tamb\u00e9m como uma forma de m\u00fasica eletr\u00f4nica, justamente por utilizar elementos e linguagens que dialogam diretamente com g\u00eaneros como house.<\/p>\n<p>Mas existe uma particularidade fundamental: cada territ\u00f3rio transforma essas refer\u00eancias a partir da pr\u00f3pria viv\u00eancia.<\/p>\n<p>O funk de S\u00e3o Paulo tem sua constru\u00e7\u00e3o. O Rio de Janeiro desenvolveu outra perspectiva. E Belo Horizonte criou uma sonoridade pr\u00f3pria.<\/p>\n<p>\u201cSe voc\u00ea ouvir um funk de S\u00e3o Paulo, se voc\u00ea ouvir um funk do Rio de Janeiro, se voc\u00ea ouvir um funk de Belo Horizonte, eles n\u00e3o t\u00eam a mesma sonoridade, mas a gente est\u00e1 ali dentro, contando a mesma hist\u00f3ria.\u201d<\/p>\n<p>\u00c9 nessa diversidade que Kingdom enxerga a for\u00e7a da cena brasileira.<\/p>\n<p><img loading=\"lazy\" decoding=\"async\" class=\"alignnone size-large wp-image-54162\" src=\"https:\/\/yas31.com\/wp-content\/uploads\/2026\/08\/IMG_0242-819x1024.jpg\" alt=\"\" width=\"819\" height=\"1024\" \/><\/p>\n<h2>BH como pot\u00eancia cultural<\/h2>\n<p>Para a artista, Belo Horizonte vive um momento especial. A cidade, que historicamente construiu uma identidade musical pr\u00f3pria, apresenta uma nova gera\u00e7\u00e3o de artistas, produtores e coletivos que est\u00e3o levando a cultura perif\u00e9rica mineira para outros territ\u00f3rios.<\/p>\n<p>Entre esses movimentos est\u00e1 o <strong>Baile Rum<\/strong>, projeto criado por Kingdom e seus parceiros como uma esp\u00e9cie de par\u00f3dia brasileira da Boiler Room. A ideia inicial era simples: criar um espa\u00e7o onde os artistas pudessem tocar aquilo em que realmente acreditavam \u2014 a m\u00fasica eletr\u00f4nica de periferia.<\/p>\n<p>O projeto acabou crescendo e alcan\u00e7ando reconhecimento internacional.<\/p>\n<p>Kingdom tamb\u00e9m destaca nomes da cena mineira, como VHOOR, que, em sua vis\u00e3o, representa uma das grandes for\u00e7as na constru\u00e7\u00e3o dessa nova linguagem da m\u00fasica eletr\u00f4nica perif\u00e9rica.<\/p>\n<p>Para ela, o momento \u00e9 de afirma\u00e7\u00e3o.<\/p>\n<p>\u201cCulturalmente, a gente vai exportar cultura.\u201d<\/p>\n<p>Mais do que buscar refer\u00eancias fora, Kingdom acredita que Belo Horizonte j\u00e1 possui todos os elementos necess\u00e1rios para produzir e exportar sua pr\u00f3pria identidade.<\/p>\n<p>\u201cA gente tem tudo aqui. A gente n\u00e3o precisa sair daqui para poder buscar inspira\u00e7\u00f5es fora.\u201d<\/p>\n<h2>Viver da m\u00fasica \u2014 e abrir caminho para outras<\/h2>\n<p>Por tr\u00e1s da pot\u00eancia art\u00edstica existe tamb\u00e9m uma preocupa\u00e7\u00e3o muito concreta: estabilidade.<\/p>\n<p>M\u00e3e de duas filhas, DJ Kingdom n\u00e3o quer apenas continuar trabalhando com m\u00fasica. Ela quer construir uma carreira capaz de proporcionar uma vida mais tranquila para sua fam\u00edlia, longe da vulnerabilidade financeira que ainda acompanha muitos profissionais da ind\u00fastria musical.<\/p>\n<p>\u201cEu quero viver. Viver sem essa correria que \u00e9 a gente ser vulner\u00e1vel financeiramente.\u201d<\/p>\n<p>A artista tamb\u00e9m projeta seu futuro para al\u00e9m da pr\u00f3pria carreira. Uma de suas maiores ambi\u00e7\u00f5es \u00e9 poder ajudar outras mulheres pretas a encontrarem caminhos dentro do mercado.<\/p>\n<p>A ideia \u00e9 transformar a pr\u00f3pria trajet\u00f3ria em prova de que \u00e9 poss\u00edvel chegar l\u00e1.<\/p>\n<p>\u201cCheguei at\u00e9 aqui, \u00e9 poss\u00edvel. \u00c9 poss\u00edvel, vem, fa\u00e7a tamb\u00e9m, acredita.\u201d<\/p>\n<p>No <strong>Retrato Falado<\/strong>, DJ Kingdom apresenta uma trajet\u00f3ria que vai muito al\u00e9m das pistas. \u00c9 uma hist\u00f3ria sobre identidade, territ\u00f3rio, representatividade e sobre uma cena que deixou de apenas consumir refer\u00eancias para come\u00e7ar a <strong>produzir e exportar sua pr\u00f3pria cultura<\/strong>.<\/p>\n<p>De Contagem para o mundo, a DJ encontrou na m\u00fasica uma forma de contar sua hist\u00f3ria. E, ao fazer isso, ajuda a contar tamb\u00e9m a hist\u00f3ria de uma Belo Horizonte que dan\u00e7a, cria e cada vez mais ocupa seu espa\u00e7o no mapa da m\u00fasica eletr\u00f4nica mundial.<\/p>\n","protected":false},"excerpt":{"rendered":"<p>De Contagem para o mundo, DJ Kingdom transforma sua trajet\u00f3ria na m\u00fasica em um movimento que conecta funk, m\u00fasica eletr\u00f4nica, periferia e identidade mineira. H\u00e1 dez anos, DJ Kingdom escolheu transformar em profiss\u00e3o aquilo que j\u00e1 fazia parte dos seus sonhos de inf\u00e2ncia: trabalhar com m\u00fasica. Natural de Contagem, na Regi\u00e3o Metropolitana de Belo Horizonte, a artista encontrou na discotecagem uma forma de contar sua pr\u00f3pria hist\u00f3ria \u2014 e, ao mesmo tempo, representar uma cena que vem ganhando cada vez mais espa\u00e7o dentro e fora do Brasil. \u201cMeu sonho de crian\u00e7a era trabalhar com m\u00fasica\u201d, relembra. Em 2026, ao completar [&hellip;]<\/p>\n","protected":false},"author":1,"featured_media":54162,"comment_status":"closed","ping_status":"closed","sticky":false,"template":"","format":"standard","meta":{"_jetpack_newsletter_access":"","_jetpack_dont_email_post_to_subs":false,"_jetpack_newsletter_tier_id":0,"_jetpack_memberships_contains_paywalled_content":false,"_jetpack_feature_clip_id":0,"_jetpack_memberships_contains_paid_content":false,"footnotes":"","jetpack_post_was_ever_published":false},"categories":[817,1281],"tags":[],"class_list":["post-54160","post","type-post","status-publish","format-standard","has-post-thumbnail","hentry","category-destaque","category-retrato-falado","post--single"],"jetpack_featured_media_url":"https:\/\/yas31.com\/wp-content\/uploads\/2026\/08\/IMG_0242.jpg","jetpack_sharing_enabled":true,"_links":{"self":[{"href":"https:\/\/yas31.com\/index.php?rest_route=\/wp\/v2\/posts\/54160","targetHints":{"allow":["GET"]}}],"collection":[{"href":"https:\/\/yas31.com\/index.php?rest_route=\/wp\/v2\/posts"}],"about":[{"href":"https:\/\/yas31.com\/index.php?rest_route=\/wp\/v2\/types\/post"}],"author":[{"embeddable":true,"href":"https:\/\/yas31.com\/index.php?rest_route=\/wp\/v2\/users\/1"}],"replies":[{"embeddable":true,"href":"https:\/\/yas31.com\/index.php?rest_route=%2Fwp%2Fv2%2Fcomments&post=54160"}],"version-history":[{"count":1,"href":"https:\/\/yas31.com\/index.php?rest_route=\/wp\/v2\/posts\/54160\/revisions"}],"predecessor-version":[{"id":54163,"href":"https:\/\/yas31.com\/index.php?rest_route=\/wp\/v2\/posts\/54160\/revisions\/54163"}],"wp:featuredmedia":[{"embeddable":true,"href":"https:\/\/yas31.com\/index.php?rest_route=\/wp\/v2\/media\/54162"}],"wp:attachment":[{"href":"https:\/\/yas31.com\/index.php?rest_route=%2Fwp%2Fv2%2Fmedia&parent=54160"}],"wp:term":[{"taxonomy":"category","embeddable":true,"href":"https:\/\/yas31.com\/index.php?rest_route=%2Fwp%2Fv2%2Fcategories&post=54160"},{"taxonomy":"post_tag","embeddable":true,"href":"https:\/\/yas31.com\/index.php?rest_route=%2Fwp%2Fv2%2Ftags&post=54160"}],"curies":[{"name":"wp","href":"https:\/\/api.w.org\/{rel}","templated":true}]}}