{"id":53421,"date":"2026-07-24T10:01:12","date_gmt":"2026-07-24T10:01:12","guid":{"rendered":"https:\/\/yas31.com\/?p=53421"},"modified":"2026-07-29T00:04:36","modified_gmt":"2026-07-29T00:04:36","slug":"dizai-estreia-invadindo-os-bastidores-do-retrato-falado-com-jorge-grimber","status":"publish","type":"post","link":"https:\/\/yas31.com\/?p=53421","title":{"rendered":"&#8220;DizA\u00ed&#8221; estreia invadindo os bastidores do Retrato Falado com Jorge Grimberg"},"content":{"rendered":"<p>A YAS ganha um novo formato dedicado \u00e0s hist\u00f3rias que acontecem longe das c\u00e2meras. Apresentado por <strong>Arthur Alves<\/strong>, o <strong>DizA\u00ed<\/strong> estreia com uma proposta simples: fazer perguntas, ouvir pessoas e revelar os bastidores de diferentes universos atrav\u00e9s de conversas espont\u00e2neas.<\/p>\n<p><iframe loading=\"lazy\" title=\"Bastidores do Retrato com Jorge Grimberg | DIZA\u00cd [#01] | THE YAS\" width=\"1200\" height=\"675\" src=\"https:\/\/www.youtube.com\/embed\/V1ET91OMRWo?feature=oembed\" frameborder=\"0\" allow=\"accelerometer; autoplay; clipboard-write; encrypted-media; gyroscope; picture-in-picture; web-share\" referrerpolicy=\"strict-origin-when-cross-origin\" allowfullscreen><\/iframe><\/p>\n<p>&nbsp;<\/p>\n<p>No primeiro epis\u00f3dio, Arthur invade a grava\u00e7\u00e3o do <strong>Retrato Falado<\/strong> com <strong>Jorge Grimberg<\/strong>, jornalista, pesquisador de comportamento e fundador do <em>3 Minutos de Moda<\/em>. Enquanto o epis\u00f3dio principal mergulha em temas como criatividade, identidade e intelig\u00eancia artificial, o DizA\u00ed volta sua aten\u00e7\u00e3o para quem torna tudo isso poss\u00edvel.<\/p>\n<p>Durante a visita ao set, Arthur conversa com a equipe respons\u00e1vel pela produ\u00e7\u00e3o, passando por diferentes fun\u00e7\u00f5es do projeto. Dire\u00e7\u00e3o, fotografia, produ\u00e7\u00e3o, opera\u00e7\u00e3o de c\u00e2mera e os profissionais que trabalham nos bastidores compartilham suas experi\u00eancias, os desafios da grava\u00e7\u00e3o e a import\u00e2ncia de cada etapa para transformar uma entrevista em conte\u00fado.<\/p>\n\n\t\t<style>\n\t\t\t#gallery-1 {\n\t\t\t\tmargin: auto;\n\t\t\t}\n\t\t\t#gallery-1 .gallery-item {\n\t\t\t\tfloat: left;\n\t\t\t\tmargin-top: 10px;\n\t\t\t\ttext-align: center;\n\t\t\t\twidth: 50%;\n\t\t\t}\n\t\t\t#gallery-1 img {\n\t\t\t\tborder: 2px solid #cfcfcf;\n\t\t\t}\n\t\t\t#gallery-1 .gallery-caption {\n\t\t\t\tmargin-left: 0;\n\t\t\t}\n\t\t\t\/* see gallery_shortcode() in wp-includes\/media.php *\/\n\t\t<\/style>\n\t\t<div id='gallery-1' class='gallery galleryid-53421 gallery-columns-2 gallery-size-medium'><dl class='gallery-item'>\n\t\t\t<dt class='gallery-icon landscape'>\n\t\t\t\t<a href='https:\/\/yas31.com\/?attachment_id=53422'><img loading=\"lazy\" decoding=\"async\" width=\"300\" height=\"194\" src=\"https:\/\/yas31.com\/wp-content\/uploads\/2026\/07\/Captura-de-Tela-2026-07-20-as-16.56.48-300x194.png\" class=\"attachment-medium size-medium\" alt=\"\" \/><\/a>\n\t\t\t<\/dt><\/dl><dl class='gallery-item'>\n\t\t\t<dt class='gallery-icon landscape'>\n\t\t\t\t<a href='https:\/\/yas31.com\/?attachment_id=53423'><img loading=\"lazy\" decoding=\"async\" width=\"300\" height=\"176\" src=\"https:\/\/yas31.com\/wp-content\/uploads\/2026\/07\/Captura-de-Tela-2026-07-20-as-16.57.14-300x176.png\" class=\"attachment-medium size-medium\" alt=\"\" \/><\/a>\n\t\t\t<\/dt><\/dl><br style=\"clear: both\" \/><dl class='gallery-item'>\n\t\t\t<dt class='gallery-icon landscape'>\n\t\t\t\t<a href='https:\/\/yas31.com\/?attachment_id=53424'><img loading=\"lazy\" decoding=\"async\" width=\"300\" height=\"176\" src=\"https:\/\/yas31.com\/wp-content\/uploads\/2026\/07\/Captura-de-Tela-2026-07-20-as-16.57.43-300x176.png\" class=\"attachment-medium size-medium\" alt=\"\" \/><\/a>\n\t\t\t<\/dt><\/dl><dl class='gallery-item'>\n\t\t\t<dt class='gallery-icon landscape'>\n\t\t\t\t<a href='https:\/\/yas31.com\/?attachment_id=53425'><img loading=\"lazy\" decoding=\"async\" width=\"300\" height=\"212\" src=\"https:\/\/yas31.com\/wp-content\/uploads\/2026\/07\/Captura-de-Tela-2026-07-20-as-16.58.19-300x212.png\" class=\"attachment-medium size-medium\" alt=\"\" \/><\/a>\n\t\t\t<\/dt><\/dl><br style=\"clear: both\" \/>\n\t\t<\/div>\n\n<p>Mais do que registrar o processo, o programa revela o lado humano das produ\u00e7\u00f5es audiovisuais. Cada integrante traz uma perspectiva diferente sobre o trabalho em equipe, mostrando que grandes projetos s\u00e3o constru\u00eddos muito antes do &#8220;gravando&#8221;.<\/p>\n<p>Com uma linguagem leve, curiosa e descontra\u00edda, Arthur conduz conversas r\u00e1pidas que aproximam o p\u00fablico de quem normalmente permanece atr\u00e1s das c\u00e2meras, criando um retrato mais completo de tudo o que acontece durante uma produ\u00e7\u00e3o.<\/p>\n<p>A proposta do <strong>DizA\u00ed<\/strong> \u00e9 justamente essa: sair do roteiro tradicional para encontrar boas hist\u00f3rias onde elas realmente acontecem. A cada epis\u00f3dio, o programa acompanhar\u00e1 diferentes pautas, eventos, grava\u00e7\u00f5es e personagens, sempre com a espontaneidade como principal marca.<\/p>\n<p>A estreia, nos bastidores do <strong>Retrato Falado<\/strong> com Jorge Grimberg, inaugura essa jornada mostrando que, por tr\u00e1s de toda grande entrevista, existe uma equipe inteira trabalhando para que cada detalhe aconte\u00e7a.<\/p>\n<p>Porque, \u00e0s vezes, as melhores hist\u00f3rias n\u00e3o est\u00e3o apenas diante da c\u00e2mera. Elas tamb\u00e9m acontecem atr\u00e1s dela.<\/p>\n\n\t\t<style>\n\t\t\t#gallery-2 {\n\t\t\t\tmargin: auto;\n\t\t\t}\n\t\t\t#gallery-2 .gallery-item {\n\t\t\t\tfloat: left;\n\t\t\t\tmargin-top: 10px;\n\t\t\t\ttext-align: center;\n\t\t\t\twidth: 33%;\n\t\t\t}\n\t\t\t#gallery-2 img {\n\t\t\t\tborder: 2px solid #cfcfcf;\n\t\t\t}\n\t\t\t#gallery-2 .gallery-caption {\n\t\t\t\tmargin-left: 0;\n\t\t\t}\n\t\t\t\/* see gallery_shortcode() in wp-includes\/media.php *\/\n\t\t<\/style>\n\t\t<div id='gallery-2' class='gallery galleryid-53421 gallery-columns-3 gallery-size-medium'><dl class='gallery-item'>\n\t\t\t<dt class='gallery-icon portrait'>\n\t\t\t\t<a href='https:\/\/yas31.com\/?attachment_id=53435'><img loading=\"lazy\" decoding=\"async\" width=\"270\" height=\"300\" src=\"https:\/\/yas31.com\/wp-content\/uploads\/2026\/07\/IMG_8543-270x300.jpg\" class=\"attachment-medium size-medium\" alt=\"\" \/><\/a>\n\t\t\t<\/dt><\/dl><dl class='gallery-item'>\n\t\t\t<dt class='gallery-icon portrait'>\n\t\t\t\t<a href='https:\/\/yas31.com\/?attachment_id=53436'><img loading=\"lazy\" decoding=\"async\" width=\"254\" height=\"300\" src=\"https:\/\/yas31.com\/wp-content\/uploads\/2026\/07\/IMG_8544-1-254x300.jpg\" class=\"attachment-medium size-medium\" alt=\"\" \/><\/a>\n\t\t\t<\/dt><\/dl><dl class='gallery-item'>\n\t\t\t<dt class='gallery-icon portrait'>\n\t\t\t\t<a href='https:\/\/yas31.com\/?attachment_id=53437'><img loading=\"lazy\" decoding=\"async\" width=\"247\" height=\"300\" src=\"https:\/\/yas31.com\/wp-content\/uploads\/2026\/07\/IMG_8545-247x300.jpg\" class=\"attachment-medium size-medium\" alt=\"\" \/><\/a>\n\t\t\t<\/dt><\/dl><br style=\"clear: both\" \/><dl class='gallery-item'>\n\t\t\t<dt class='gallery-icon portrait'>\n\t\t\t\t<a href='https:\/\/yas31.com\/?attachment_id=53438'><img loading=\"lazy\" decoding=\"async\" width=\"254\" height=\"300\" src=\"https:\/\/yas31.com\/wp-content\/uploads\/2026\/07\/IMG_8546-254x300.jpg\" class=\"attachment-medium size-medium\" alt=\"\" \/><\/a>\n\t\t\t<\/dt><\/dl><dl class='gallery-item'>\n\t\t\t<dt class='gallery-icon portrait'>\n\t\t\t\t<a href='https:\/\/yas31.com\/?attachment_id=53439'><img loading=\"lazy\" decoding=\"async\" width=\"247\" height=\"300\" src=\"https:\/\/yas31.com\/wp-content\/uploads\/2026\/07\/IMG_8547-247x300.jpg\" class=\"attachment-medium size-medium\" alt=\"\" \/><\/a>\n\t\t\t<\/dt><\/dl><dl class='gallery-item'>\n\t\t\t<dt class='gallery-icon portrait'>\n\t\t\t\t<a href='https:\/\/yas31.com\/?attachment_id=53440'><img loading=\"lazy\" decoding=\"async\" width=\"247\" height=\"300\" src=\"https:\/\/yas31.com\/wp-content\/uploads\/2026\/07\/IMG_8548-247x300.jpg\" class=\"attachment-medium size-medium\" alt=\"\" \/><\/a>\n\t\t\t<\/dt><\/dl><br style=\"clear: both\" \/><dl class='gallery-item'>\n\t\t\t<dt class='gallery-icon portrait'>\n\t\t\t\t<a href='https:\/\/yas31.com\/?attachment_id=53441'><img loading=\"lazy\" decoding=\"async\" width=\"300\" height=\"300\" src=\"https:\/\/yas31.com\/wp-content\/uploads\/2026\/07\/IMG_8549-300x300.jpg\" class=\"attachment-medium size-medium\" alt=\"\" \/><\/a>\n\t\t\t<\/dt><\/dl><dl class='gallery-item'>\n\t\t\t<dt class='gallery-icon portrait'>\n\t\t\t\t<a href='https:\/\/yas31.com\/?attachment_id=53442'><img loading=\"lazy\" decoding=\"async\" width=\"247\" height=\"300\" src=\"https:\/\/yas31.com\/wp-content\/uploads\/2026\/07\/IMG_8550-247x300.jpg\" class=\"attachment-medium size-medium\" alt=\"\" \/><\/a>\n\t\t\t<\/dt><\/dl><dl class='gallery-item'>\n\t\t\t<dt class='gallery-icon portrait'>\n\t\t\t\t<a href='https:\/\/yas31.com\/?attachment_id=53443'><img loading=\"lazy\" decoding=\"async\" width=\"225\" height=\"300\" src=\"https:\/\/yas31.com\/wp-content\/uploads\/2026\/07\/IMG_8551-225x300.jpg\" class=\"attachment-medium size-medium\" alt=\"\" \/><\/a>\n\t\t\t<\/dt><\/dl><br style=\"clear: both\" \/>\n\t\t<\/div>\n\n","protected":false},"excerpt":{"rendered":"<p>A YAS ganha um novo formato dedicado \u00e0s hist\u00f3rias que acontecem longe das c\u00e2meras. Apresentado por Arthur Alves, o DizA\u00ed estreia com uma proposta simples: fazer perguntas, ouvir pessoas e revelar os bastidores de diferentes universos atrav\u00e9s de conversas espont\u00e2neas. &nbsp; No primeiro epis\u00f3dio, Arthur invade a grava\u00e7\u00e3o do Retrato Falado com Jorge Grimberg, jornalista, pesquisador de comportamento e fundador do 3 Minutos de Moda. Enquanto o epis\u00f3dio principal mergulha em temas como criatividade, identidade e intelig\u00eancia artificial, o DizA\u00ed volta sua aten\u00e7\u00e3o para quem torna tudo isso poss\u00edvel. Durante a visita ao set, Arthur conversa com a equipe respons\u00e1vel [&hellip;]<\/p>\n","protected":false},"author":1,"featured_media":53436,"comment_status":"open","ping_status":"open","sticky":false,"template":"","format":"standard","meta":{"_jetpack_newsletter_access":"","_jetpack_dont_email_post_to_subs":false,"_jetpack_newsletter_tier_id":0,"_jetpack_memberships_contains_paywalled_content":false,"_jetpack_feature_clip_id":0,"_jetpack_memberships_contains_paid_content":false,"footnotes":"","jetpack_post_was_ever_published":false},"categories":[817,1550,14],"tags":[],"class_list":["post-53421","post","type-post","status-publish","format-standard","has-post-thumbnail","hentry","category-destaque","category-dizai","category-moda","post--single"],"jetpack_featured_media_url":"https:\/\/yas31.com\/wp-content\/uploads\/2026\/07\/IMG_8544-1-scaled.jpg","jetpack_sharing_enabled":true,"_links":{"self":[{"href":"https:\/\/yas31.com\/index.php?rest_route=\/wp\/v2\/posts\/53421","targetHints":{"allow":["GET"]}}],"collection":[{"href":"https:\/\/yas31.com\/index.php?rest_route=\/wp\/v2\/posts"}],"about":[{"href":"https:\/\/yas31.com\/index.php?rest_route=\/wp\/v2\/types\/post"}],"author":[{"embeddable":true,"href":"https:\/\/yas31.com\/index.php?rest_route=\/wp\/v2\/users\/1"}],"replies":[{"embeddable":true,"href":"https:\/\/yas31.com\/index.php?rest_route=%2Fwp%2Fv2%2Fcomments&post=53421"}],"version-history":[{"count":5,"href":"https:\/\/yas31.com\/index.php?rest_route=\/wp\/v2\/posts\/53421\/revisions"}],"predecessor-version":[{"id":53444,"href":"https:\/\/yas31.com\/index.php?rest_route=\/wp\/v2\/posts\/53421\/revisions\/53444"}],"wp:featuredmedia":[{"embeddable":true,"href":"https:\/\/yas31.com\/index.php?rest_route=\/wp\/v2\/media\/53436"}],"wp:attachment":[{"href":"https:\/\/yas31.com\/index.php?rest_route=%2Fwp%2Fv2%2Fmedia&parent=53421"}],"wp:term":[{"taxonomy":"category","embeddable":true,"href":"https:\/\/yas31.com\/index.php?rest_route=%2Fwp%2Fv2%2Fcategories&post=53421"},{"taxonomy":"post_tag","embeddable":true,"href":"https:\/\/yas31.com\/index.php?rest_route=%2Fwp%2Fv2%2Ftags&post=53421"}],"curies":[{"name":"wp","href":"https:\/\/api.w.org\/{rel}","templated":true}]}}