{"id":52843,"date":"2026-03-03T01:29:46","date_gmt":"2026-03-03T01:29:46","guid":{"rendered":"https:\/\/yas31.com\/?p=52843"},"modified":"2026-03-03T01:29:46","modified_gmt":"2026-03-03T01:29:46","slug":"ja-esta-no-ar-horizonte-sonoro-estreia-com-luiza-carmo","status":"publish","type":"post","link":"https:\/\/yas31.com\/?p=52843","title":{"rendered":"J\u00e1 est\u00e1 no ar: Horizonte Sonoro estreia com Luiza Carmo"},"content":{"rendered":"<p data-start=\"86\" data-end=\"334\">Nosso primeiro epis\u00f3dio do <strong data-start=\"113\" data-end=\"133\">Horizonte Sonoro<\/strong> j\u00e1 est\u00e1 dispon\u00edvel. A estreia marca o in\u00edcio da primeira temporada do projeto, inteiramente gravada em <span class=\"hover:entity-accent entity-underline inline cursor-pointer align-baseline\"><span class=\"whitespace-normal\">Belo Horizonte<\/span><\/span>, transformando a cidade em palco e personagem da narrativa.<img loading=\"lazy\" decoding=\"async\" class=\"alignnone size-large wp-image-52844\" src=\"https:\/\/yas31.com\/wp-content\/uploads\/2026\/03\/THE-YAS-HS-CAPA-LUIZA-YOUTUBE-01-1024x683.jpg\" alt=\"\" width=\"1024\" height=\"683\" \/><\/p>\n<p data-start=\"86\" data-end=\"334\">Para abrir essa jornada, Luiza Carmo conduz o epis\u00f3dio em um cen\u00e1rio simb\u00f3lico: o <span class=\"hover:entity-accent entity-underline inline cursor-pointer align-baseline\"><span class=\"whitespace-normal\">Parque Municipal Am\u00e9rico Renn\u00e9 Giannetti<\/span><\/span>. Entre a natureza e a atmosfera hist\u00f3rica do espa\u00e7o, m\u00fasica e cidade se encontram em uma experi\u00eancia \u00edntima, sens\u00edvel e cheia de identidade.<\/p>\n<p><iframe loading=\"lazy\" title=\"THE YAS, Horizonte Sonoro - LUIZA CARMO, Ponta da Li\u0301ngua\" width=\"1200\" height=\"675\" src=\"https:\/\/www.youtube.com\/embed\/CIArdScDCLg?feature=oembed\" frameborder=\"0\" allow=\"accelerometer; autoplay; clipboard-write; encrypted-media; gyroscope; picture-in-picture; web-share\" referrerpolicy=\"strict-origin-when-cross-origin\" allowfullscreen><\/iframe><\/p>\n<p data-start=\"598\" data-end=\"876\">Horizonte Sonoro nasce com a proposta de apresentar, a cada semana, um artista diferente em uma nova loca\u00e7\u00e3o da capital mineira, revelando diferentes camadas sonoras e visuais de BH. A estreia com Luiza Carmo estabelece o tom da temporada: proximidade, est\u00e9tica e autenticidade.<\/p>\n<p data-start=\"878\" data-end=\"948\" data-is-last-node=\"\" data-is-only-node=\"\">A primeira temporada come\u00e7ou. E o som de Belo Horizonte j\u00e1 est\u00e1 no ar.<\/p>\n<p><iframe loading=\"lazy\" title=\"THE YAS, Horizonte Sonoro -  LUIZA CARMO, Outras Telas\" width=\"1200\" height=\"675\" src=\"https:\/\/www.youtube.com\/embed\/YehRgBMHB48?feature=oembed\" frameborder=\"0\" allow=\"accelerometer; autoplay; clipboard-write; encrypted-media; gyroscope; picture-in-picture; web-share\" referrerpolicy=\"strict-origin-when-cross-origin\" allowfullscreen><\/iframe><\/p>\n<p><iframe loading=\"lazy\" title=\"THE YAS, Horizonte Sonoro - LUIZA CARMO (Entrevista)\" width=\"1200\" height=\"675\" src=\"https:\/\/www.youtube.com\/embed\/WbhfUXIuGeU?feature=oembed\" frameborder=\"0\" allow=\"accelerometer; autoplay; clipboard-write; encrypted-media; gyroscope; picture-in-picture; web-share\" referrerpolicy=\"strict-origin-when-cross-origin\" allowfullscreen><\/iframe><\/p>\n<p><iframe loading=\"lazy\" title=\"THE YAS, Horizonte Sonoro - LUIZA CARMO, SecoSeuGelo\" width=\"1200\" height=\"675\" src=\"https:\/\/www.youtube.com\/embed\/ZT7KjvXqTWk?feature=oembed\" frameborder=\"0\" allow=\"accelerometer; autoplay; clipboard-write; encrypted-media; gyroscope; picture-in-picture; web-share\" referrerpolicy=\"strict-origin-when-cross-origin\" allowfullscreen><\/iframe><\/p>\n<p>&nbsp;<\/p>\n<p>PRODU\u00c7\u00c3O: THE YAS DIRE\u00c7\u00c3O: DIEGO RUAHN CAPTA\u00c7\u00c3O E MIXAGEM: ARTHUR SEABRA CAMERAMAN: CHARLES GAMA MAKING OF: FELIPE CAIXETA<\/p>\n","protected":false},"excerpt":{"rendered":"<p>Nosso primeiro epis\u00f3dio do Horizonte Sonoro j\u00e1 est\u00e1 dispon\u00edvel. A estreia marca o in\u00edcio da primeira temporada do projeto, inteiramente gravada em Belo Horizonte, transformando a cidade em palco e personagem da narrativa. Para abrir essa jornada, Luiza Carmo conduz o epis\u00f3dio em um cen\u00e1rio simb\u00f3lico: o Parque Municipal Am\u00e9rico Renn\u00e9 Giannetti. Entre a natureza e a atmosfera hist\u00f3rica do espa\u00e7o, m\u00fasica e cidade se encontram em uma experi\u00eancia \u00edntima, sens\u00edvel e cheia de identidade. Horizonte Sonoro nasce com a proposta de apresentar, a cada semana, um artista diferente em uma nova loca\u00e7\u00e3o da capital mineira, revelando diferentes camadas sonoras [&hellip;]<\/p>\n","protected":false},"author":1,"featured_media":52844,"comment_status":"open","ping_status":"open","sticky":false,"template":"","format":"standard","meta":{"_jetpack_newsletter_access":"","_jetpack_dont_email_post_to_subs":false,"_jetpack_newsletter_tier_id":0,"_jetpack_memberships_contains_paywalled_content":false,"_jetpack_feature_clip_id":0,"_jetpack_memberships_contains_paid_content":false,"footnotes":"","jetpack_post_was_ever_published":false},"categories":[817,1544,35],"tags":[],"class_list":["post-52843","post","type-post","status-publish","format-standard","has-post-thumbnail","hentry","category-destaque","category-hs","category-musica","post--single"],"jetpack_featured_media_url":"https:\/\/yas31.com\/wp-content\/uploads\/2026\/03\/THE-YAS-HS-CAPA-LUIZA-YOUTUBE-01-scaled.jpg","jetpack_sharing_enabled":true,"_links":{"self":[{"href":"https:\/\/yas31.com\/index.php?rest_route=\/wp\/v2\/posts\/52843","targetHints":{"allow":["GET"]}}],"collection":[{"href":"https:\/\/yas31.com\/index.php?rest_route=\/wp\/v2\/posts"}],"about":[{"href":"https:\/\/yas31.com\/index.php?rest_route=\/wp\/v2\/types\/post"}],"author":[{"embeddable":true,"href":"https:\/\/yas31.com\/index.php?rest_route=\/wp\/v2\/users\/1"}],"replies":[{"embeddable":true,"href":"https:\/\/yas31.com\/index.php?rest_route=%2Fwp%2Fv2%2Fcomments&post=52843"}],"version-history":[{"count":1,"href":"https:\/\/yas31.com\/index.php?rest_route=\/wp\/v2\/posts\/52843\/revisions"}],"predecessor-version":[{"id":52845,"href":"https:\/\/yas31.com\/index.php?rest_route=\/wp\/v2\/posts\/52843\/revisions\/52845"}],"wp:featuredmedia":[{"embeddable":true,"href":"https:\/\/yas31.com\/index.php?rest_route=\/wp\/v2\/media\/52844"}],"wp:attachment":[{"href":"https:\/\/yas31.com\/index.php?rest_route=%2Fwp%2Fv2%2Fmedia&parent=52843"}],"wp:term":[{"taxonomy":"category","embeddable":true,"href":"https:\/\/yas31.com\/index.php?rest_route=%2Fwp%2Fv2%2Fcategories&post=52843"},{"taxonomy":"post_tag","embeddable":true,"href":"https:\/\/yas31.com\/index.php?rest_route=%2Fwp%2Fv2%2Ftags&post=52843"}],"curies":[{"name":"wp","href":"https:\/\/api.w.org\/{rel}","templated":true}]}}