{"id":52687,"date":"2026-01-16T19:33:12","date_gmt":"2026-01-16T19:33:12","guid":{"rendered":"https:\/\/yas31.com\/?p=52687"},"modified":"2026-01-16T19:33:12","modified_gmt":"2026-01-16T19:33:12","slug":"criolo-amaro-freitas-e-dino-dsantiago-lancam-album-que-une-rap-jazz-e-cultura-lusofona","status":"publish","type":"post","link":"https:\/\/yas31.com\/?p=52687","title":{"rendered":"Criolo, Amaro Freitas e Dino D\u2019Santiago lan\u00e7am \u00e1lbum que une rap, jazz e cultura lus\u00f3fona"},"content":{"rendered":"<p data-start=\"282\" data-end=\"581\">O trio <strong data-start=\"289\" data-end=\"332\">Criolo, Amaro Freitas e Dino D\u2019Santiago<\/strong> lan\u00e7ou neste m\u00eas o aguardado \u00e1lbum <strong data-start=\"368\" data-end=\"394\"><em data-start=\"370\" data-end=\"392\">Criolo, Amaro &amp; Dino<\/em><\/strong>, uma obra coletiva que atravessa fronteiras culturais e estil\u00edsticas, celebrando a ancestralidade, a amizade e a m\u00fasica em sua forma mais expansiva.<\/p>\n<p data-start=\"282\" data-end=\"581\"><img loading=\"lazy\" decoding=\"async\" class=\"aligncenter size-full wp-image-52688\" src=\"https:\/\/yas31.com\/wp-content\/uploads\/2026\/01\/176843039469681b3a121f1_1768430394_3x2_md.jpg\" alt=\"\" width=\"768\" height=\"512\" \/><\/p>\n<p data-start=\"583\" data-end=\"1031\">Dispon\u00edvel nas principais plataformas desde <strong data-start=\"627\" data-end=\"652\">15 de janeiro de 2026<\/strong>, o disco marca a primeira colabora\u00e7\u00e3o completa entre o rapper paulista, o pianista pernambucano e o cantor e compositor portugu\u00eas de ascend\u00eancia cabo-verdiana \u2014 uma uni\u00e3o que come\u00e7ou em 2024 com o single <em data-start=\"857\" data-end=\"868\">Esperan\u00e7a<\/em>, m\u00fasica que os tr\u00eas j\u00e1 tinham gravado e que foi indicada ao Latin Grammy na categoria de Melhor Can\u00e7\u00e3o em L\u00edngua Portuguesa.<\/p>\n<h3 data-start=\"1033\" data-end=\"1073\"><strong data-start=\"1037\" data-end=\"1073\">Uma travessia musical e cultural<\/strong><\/h3>\n<p data-start=\"1075\" data-end=\"1468\">Com 12 faixas, o \u00e1lbum explora uma ampla gama de influ\u00eancias sonoras: do rap de Criolo \u00e0s texturas jazz\u00edsticas e harm\u00f4nicas de Amaro Freitas, passando pelos ritmos da di\u00e1spora africana e lus\u00f3fona incorporados por Dino D\u2019Santiago. A capa do disco \u00e9 assinada pelo artista pl\u00e1stico <strong data-start=\"1354\" data-end=\"1367\">Vik Muniz<\/strong>, refor\u00e7ando o car\u00e1ter interdisciplinar e art\u00edstico do projeto.<\/p>\n<p data-start=\"1470\" data-end=\"1905\">Segundo entrevistas recentes, o processo criativo do \u00e1lbum foi fruto de di\u00e1logos intensos entre os tr\u00eas artistas \u2014 n\u00e3o apenas est\u00e9ticos, mas tamb\u00e9m humanos e afetivos. Criolo comparou a experi\u00eancia \u00e0 travessia de uma canoa pelo rio, onde cada m\u00fasico traz algo essencial para a dire\u00e7\u00e3o do trabalho, enquanto Amaro e Dino contribu\u00edram com sonoridades e tradi\u00e7\u00f5es suas, do jazz ao funan\u00e1 e ao batuku.<\/p>\n<p data-start=\"1470\" data-end=\"1905\"><img loading=\"lazy\" decoding=\"async\" class=\"aligncenter size-full wp-image-52689\" src=\"https:\/\/yas31.com\/wp-content\/uploads\/2026\/01\/1_19_10_25_criolo_clipe_0405-38914788.jpg\" alt=\"\" width=\"800\" height=\"600\" \/><\/p>\n<h3 data-start=\"1907\" data-end=\"1956\"><strong data-start=\"1911\" data-end=\"1956\">Faixas de destaque e diversidade tem\u00e1tica<\/strong><\/h3>\n<p data-start=\"1958\" data-end=\"2397\">Entre as faixas do \u00e1lbum est\u00e3o <em data-start=\"1989\" data-end=\"2007\">Voc\u00ea N\u00e3o Me Quis<\/em>, que traz uma mistura de poesia e melodia, e <em data-start=\"2053\" data-end=\"2079\">Menina do Coco de Carit\u00e9<\/em>, que conta com participa\u00e7\u00f5es de As Clarianas e do mestre da cultura pernambucana Maciel Sal\u00fa. Outras m\u00fasicas, como <em data-start=\"2195\" data-end=\"2215\">Amaz\u00f4nia (A-i\u2019ahu)<\/em> e <em data-start=\"2218\" data-end=\"2235\">No Vento de N\u00f3s<\/em>, refletem temas contempor\u00e2neos e ancestrais ao mesmo tempo, abordando quest\u00f5es identit\u00e1rias, ambientais e de pertencimento.<\/p>\n<h3 data-start=\"2399\" data-end=\"2448\"><strong data-start=\"2403\" data-end=\"2448\">Um encontro de trajet\u00f3rias e significados<\/strong><\/h3>\n<p data-start=\"2450\" data-end=\"2907\">Mais do que um \u00e1lbum, <em data-start=\"2472\" data-end=\"2494\">Criolo, Amaro &amp; Dino<\/em> \u00e9 visto pelos artistas como uma celebra\u00e7\u00e3o de afinidades e um registro da forma como diferentes regi\u00f5es e tradi\u00e7\u00f5es se cruzam na m\u00fasica. A parceria ganhou corpo ao longo dos \u00faltimos anos, levando os m\u00fasicos a se apresentarem juntos ao vivo pela primeira vez em dezembro de 2025, durante um espet\u00e1culo no centro de S\u00e3o Paulo que antecipou m\u00fasicas do repert\u00f3rio do novo disco.<\/p>\n<p data-start=\"2909\" data-end=\"3164\">O lan\u00e7amento chega em um momento de intensa atividade na carreira de Criolo, que tamb\u00e9m celebra seus 50 anos com turn\u00ea e projetos paralelos, al\u00e9m de uma busca cont\u00ednua por di\u00e1logo entre g\u00eaneros, geografias e gera\u00e7\u00f5es.<\/p>\n<div class=\"atbs-ceris-responsive-video\"><iframe loading=\"lazy\" title=\"Criolo, Amaro &amp; Dino | Full \u00c1lbum\" width=\"1200\" height=\"675\" src=\"https:\/\/www.youtube.com\/embed\/lMF7OP_uxyw?feature=oembed\" frameborder=\"0\" allow=\"accelerometer; autoplay; clipboard-write; encrypted-media; gyroscope; picture-in-picture; web-share\" referrerpolicy=\"strict-origin-when-cross-origin\" allowfullscreen><\/iframe><\/div>\n","protected":false},"excerpt":{"rendered":"<p>O trio Criolo, Amaro Freitas e Dino D\u2019Santiago lan\u00e7ou neste m\u00eas o aguardado \u00e1lbum Criolo, Amaro &amp; Dino, uma obra coletiva que atravessa fronteiras culturais e estil\u00edsticas, celebrando a ancestralidade, a amizade e a m\u00fasica em sua forma mais expansiva. Dispon\u00edvel nas principais plataformas desde 15 de janeiro de 2026, o disco marca a primeira colabora\u00e7\u00e3o completa entre o rapper paulista, o pianista pernambucano e o cantor e compositor portugu\u00eas de ascend\u00eancia cabo-verdiana \u2014 uma uni\u00e3o que come\u00e7ou em 2024 com o single Esperan\u00e7a, m\u00fasica que os tr\u00eas j\u00e1 tinham gravado e que foi indicada ao Latin Grammy na categoria [&hellip;]<\/p>\n","protected":false},"author":1,"featured_media":52688,"comment_status":"open","ping_status":"open","sticky":false,"template":"","format":"standard","meta":{"_jetpack_newsletter_access":"","_jetpack_dont_email_post_to_subs":false,"_jetpack_newsletter_tier_id":0,"_jetpack_memberships_contains_paywalled_content":false,"_jetpack_feature_clip_id":0,"_jetpack_memberships_contains_paid_content":false,"footnotes":"","jetpack_post_was_ever_published":false},"categories":[817,35],"tags":[],"class_list":["post-52687","post","type-post","status-publish","format-standard","has-post-thumbnail","hentry","category-destaque","category-musica","post--single"],"jetpack_featured_media_url":"https:\/\/yas31.com\/wp-content\/uploads\/2026\/01\/176843039469681b3a121f1_1768430394_3x2_md.jpg","jetpack_sharing_enabled":true,"_links":{"self":[{"href":"https:\/\/yas31.com\/index.php?rest_route=\/wp\/v2\/posts\/52687","targetHints":{"allow":["GET"]}}],"collection":[{"href":"https:\/\/yas31.com\/index.php?rest_route=\/wp\/v2\/posts"}],"about":[{"href":"https:\/\/yas31.com\/index.php?rest_route=\/wp\/v2\/types\/post"}],"author":[{"embeddable":true,"href":"https:\/\/yas31.com\/index.php?rest_route=\/wp\/v2\/users\/1"}],"replies":[{"embeddable":true,"href":"https:\/\/yas31.com\/index.php?rest_route=%2Fwp%2Fv2%2Fcomments&post=52687"}],"version-history":[{"count":1,"href":"https:\/\/yas31.com\/index.php?rest_route=\/wp\/v2\/posts\/52687\/revisions"}],"predecessor-version":[{"id":52690,"href":"https:\/\/yas31.com\/index.php?rest_route=\/wp\/v2\/posts\/52687\/revisions\/52690"}],"wp:featuredmedia":[{"embeddable":true,"href":"https:\/\/yas31.com\/index.php?rest_route=\/wp\/v2\/media\/52688"}],"wp:attachment":[{"href":"https:\/\/yas31.com\/index.php?rest_route=%2Fwp%2Fv2%2Fmedia&parent=52687"}],"wp:term":[{"taxonomy":"category","embeddable":true,"href":"https:\/\/yas31.com\/index.php?rest_route=%2Fwp%2Fv2%2Fcategories&post=52687"},{"taxonomy":"post_tag","embeddable":true,"href":"https:\/\/yas31.com\/index.php?rest_route=%2Fwp%2Fv2%2Ftags&post=52687"}],"curies":[{"name":"wp","href":"https:\/\/api.w.org\/{rel}","templated":true}]}}