{"id":52669,"date":"2026-01-12T12:48:09","date_gmt":"2026-01-12T12:48:09","guid":{"rendered":"https:\/\/yas31.com\/?p=52669"},"modified":"2026-01-12T12:48:09","modified_gmt":"2026-01-12T12:48:09","slug":"wagner-moura-faz-historia-no-globo-de-ouro-com-o-agente-secreto","status":"publish","type":"post","link":"https:\/\/yas31.com\/?p=52669","title":{"rendered":"Wagner Moura faz hist\u00f3ria no Globo de Ouro com O Agente Secreto"},"content":{"rendered":"<p>O ator <strong data-start=\"187\" data-end=\"203\">Wagner Moura<\/strong> alcan\u00e7ou um marco in\u00e9dito para o cinema brasileiro na <strong data-start=\"258\" data-end=\"289\">83\u00aa edi\u00e7\u00e3o do Globo de Ouro<\/strong>, realizada neste domingo (11\/01) em Los Angeles. Moura foi consagrado <strong data-start=\"360\" data-end=\"393\">Melhor Ator em Filme de Drama<\/strong> por sua performance em <em data-start=\"417\" data-end=\"435\">O Agente Secreto<\/em>, dirigido por <strong data-start=\"450\" data-end=\"475\">Kleber Mendon\u00e7a Filho<\/strong> \u2014 e se tornou o <strong data-start=\"492\" data-end=\"570\">primeiro homem brasileiro a vencer essa categoria na hist\u00f3ria da premia\u00e7\u00e3o<\/strong>.<\/p>\n<p><img loading=\"lazy\" decoding=\"async\" class=\"aligncenter size-full wp-image-52670\" src=\"https:\/\/yas31.com\/wp-content\/uploads\/2026\/01\/b0d33fb0-ef72-11f0-b385-5f48925de19a.jpg.webp\" alt=\"\" width=\"640\" height=\"426\" \/><\/p>\n<p data-start=\"611\" data-end=\"850\">A vit\u00f3ria de Moura se soma ao sucesso do longa brasileiro, que tamb\u00e9m levou o trof\u00e9u de <strong data-start=\"699\" data-end=\"737\">Melhor Filme em L\u00edngua N\u00e3o-Inglesa<\/strong>, consolidando uma <strong data-start=\"756\" data-end=\"780\">dobradinha hist\u00f3rica<\/strong> para o Brasil no Globo de Ouro.<\/p>\n<h3 data-start=\"852\" data-end=\"890\">Um feito que reverbera globalmente<\/h3>\n<p data-start=\"892\" data-end=\"1250\">Em seu discurso de agradecimento, Wagner Moura falou sobre os temas centrais de <em data-start=\"972\" data-end=\"990\">O Agente Secreto<\/em> \u2014 mem\u00f3ria, trauma e valores \u2014 dedicando a conquista a quem mant\u00e9m seus princ\u00edpios mesmo em tempos dif\u00edceis. \u201c<em data-start=\"1100\" data-end=\"1170\">Se o trauma pode ser passado entre gera\u00e7\u00f5es, os valores tamb\u00e9m podem<\/em>\u201d, declarou o ator ao receber a estatueta.<\/p>\n<p data-start=\"1252\" data-end=\"1619\">O pr\u00eamio representa tamb\u00e9m uma importante conquista simb\u00f3lica: desde 1999, com <em data-start=\"1331\" data-end=\"1350\">Central do Brasil<\/em>, o Brasil n\u00e3o vencia em categorias t\u00e3o expressivas no Globo de Ouro. A conquista refor\u00e7a a presen\u00e7a da produ\u00e7\u00e3o cinematogr\u00e1fica brasileira no cen\u00e1rio internacional e amplifica o impacto cultural do pa\u00eds na temporada de premia\u00e7\u00f5es.<\/p>\n<h3 data-start=\"1621\" data-end=\"1667\"><img loading=\"lazy\" decoding=\"async\" class=\"aligncenter size-full wp-image-52671\" src=\"https:\/\/yas31.com\/wp-content\/uploads\/2026\/01\/SRJEZMB5PFG67IVPU3HA3CZWEI.jpg.avif\" alt=\"\" width=\"1200\" height=\"630\" \/><\/h3>\n<h3 data-start=\"1621\" data-end=\"1667\"><em data-start=\"1625\" data-end=\"1643\">O Agente Secreto<\/em>: trama e reconhecimento<\/h3>\n<p data-start=\"1669\" data-end=\"2118\">O filme, ambientado no Brasil de 1977 durante a ditadura militar, acompanha Marcelo \u2014 interpretado por Moura \u2014 um especialista em tecnologia que tenta escapar da persegui\u00e7\u00e3o pol\u00edtica e proteger sua fam\u00edlia em meio a um clima de tens\u00e3o e paranoia. A obra j\u00e1 recebeu aclama\u00e7\u00e3o cr\u00edtica ao redor do mundo, incluindo pr\u00eamios em importantes festivais e reconhecimento por sua profundidade tem\u00e1tica e estilo narrativo.<\/p>\n<p data-start=\"2120\" data-end=\"2354\">A vit\u00f3ria no Globo de Ouro tamb\u00e9m coloca <em data-start=\"2161\" data-end=\"2179\">O Agente Secreto<\/em> em posi\u00e7\u00e3o de destaque na corrida para o <strong data-start=\"2221\" data-end=\"2235\">Oscar 2026<\/strong>, onde foi selecionado para representar o Brasil como Melhor Filme Internacional.<\/p>\n<h3 data-start=\"2356\" data-end=\"2381\">Repercuss\u00e3o no Brasil<\/h3>\n<p data-start=\"2383\" data-end=\"2802\">A conquista foi celebrada nacionalmente, com l\u00edderes e figuras p\u00fablicas destacando o momento como um s\u00edmbolo do reconhecimento global ao talento e \u00e0 cultura audiovisual brasileiros. A vit\u00f3ria de Moura e do filme dirigido por Mendon\u00e7a Filho evidencia n\u00e3o apenas a qualidade art\u00edstica da produ\u00e7\u00e3o, mas tamb\u00e9m a capacidade do cinema nacional de dialogar com audi\u00eancias internacionais<\/p>\n<div class=\"atbs-ceris-responsive-video\"><iframe loading=\"lazy\" title=\"Wagner Moura Wins Best Male Actor \u2013 Motion Picture \u2013 Drama | 83rd Annual Golden Globes\" width=\"1200\" height=\"675\" src=\"https:\/\/www.youtube.com\/embed\/rLUPWddliXM?feature=oembed\" frameborder=\"0\" allow=\"accelerometer; autoplay; clipboard-write; encrypted-media; gyroscope; picture-in-picture; web-share\" referrerpolicy=\"strict-origin-when-cross-origin\" allowfullscreen><\/iframe><\/div>\n","protected":false},"excerpt":{"rendered":"<p>O ator Wagner Moura alcan\u00e7ou um marco in\u00e9dito para o cinema brasileiro na 83\u00aa edi\u00e7\u00e3o do Globo de Ouro, realizada neste domingo (11\/01) em Los Angeles. Moura foi consagrado Melhor Ator em Filme de Drama por sua performance em O Agente Secreto, dirigido por Kleber Mendon\u00e7a Filho \u2014 e se tornou o primeiro homem brasileiro a vencer essa categoria na hist\u00f3ria da premia\u00e7\u00e3o. A vit\u00f3ria de Moura se soma ao sucesso do longa brasileiro, que tamb\u00e9m levou o trof\u00e9u de Melhor Filme em L\u00edngua N\u00e3o-Inglesa, consolidando uma dobradinha hist\u00f3rica para o Brasil no Globo de Ouro. Um feito que reverbera [&hellip;]<\/p>\n","protected":false},"author":1,"featured_media":52670,"comment_status":"open","ping_status":"open","sticky":false,"template":"","format":"standard","meta":{"_jetpack_newsletter_access":"","_jetpack_dont_email_post_to_subs":false,"_jetpack_newsletter_tier_id":0,"_jetpack_memberships_contains_paywalled_content":false,"_jetpack_feature_clip_id":0,"_jetpack_memberships_contains_paid_content":false,"footnotes":"","jetpack_post_was_ever_published":false},"categories":[1541,817,124],"tags":[],"class_list":["post-52669","post","type-post","status-publish","format-standard","has-post-thumbnail","hentry","category-cinema","category-destaque","category-entretenimento","post--single"],"jetpack_featured_media_url":"https:\/\/yas31.com\/wp-content\/uploads\/2026\/01\/b0d33fb0-ef72-11f0-b385-5f48925de19a.jpg.webp","jetpack_sharing_enabled":true,"_links":{"self":[{"href":"https:\/\/yas31.com\/index.php?rest_route=\/wp\/v2\/posts\/52669","targetHints":{"allow":["GET"]}}],"collection":[{"href":"https:\/\/yas31.com\/index.php?rest_route=\/wp\/v2\/posts"}],"about":[{"href":"https:\/\/yas31.com\/index.php?rest_route=\/wp\/v2\/types\/post"}],"author":[{"embeddable":true,"href":"https:\/\/yas31.com\/index.php?rest_route=\/wp\/v2\/users\/1"}],"replies":[{"embeddable":true,"href":"https:\/\/yas31.com\/index.php?rest_route=%2Fwp%2Fv2%2Fcomments&post=52669"}],"version-history":[{"count":1,"href":"https:\/\/yas31.com\/index.php?rest_route=\/wp\/v2\/posts\/52669\/revisions"}],"predecessor-version":[{"id":52672,"href":"https:\/\/yas31.com\/index.php?rest_route=\/wp\/v2\/posts\/52669\/revisions\/52672"}],"wp:featuredmedia":[{"embeddable":true,"href":"https:\/\/yas31.com\/index.php?rest_route=\/wp\/v2\/media\/52670"}],"wp:attachment":[{"href":"https:\/\/yas31.com\/index.php?rest_route=%2Fwp%2Fv2%2Fmedia&parent=52669"}],"wp:term":[{"taxonomy":"category","embeddable":true,"href":"https:\/\/yas31.com\/index.php?rest_route=%2Fwp%2Fv2%2Fcategories&post=52669"},{"taxonomy":"post_tag","embeddable":true,"href":"https:\/\/yas31.com\/index.php?rest_route=%2Fwp%2Fv2%2Ftags&post=52669"}],"curies":[{"name":"wp","href":"https:\/\/api.w.org\/{rel}","templated":true}]}}