{"id":52607,"date":"2025-12-15T14:47:21","date_gmt":"2025-12-15T14:47:21","guid":{"rendered":"https:\/\/yas31.com\/?p=52607"},"modified":"2025-12-15T15:03:49","modified_gmt":"2025-12-15T15:03:49","slug":"sarah-sampp-lanca-daily-e-avanca-para-os-anos-90-em-sua-viagem-no-tempo-musical","status":"publish","type":"post","link":"https:\/\/yas31.com\/?p=52607","title":{"rendered":"Sarah Sampp lan\u00e7a \u201cDaily\u201d e avan\u00e7a para os anos 90 em sua viagem no tempo musical"},"content":{"rendered":"<p>Sarah Sampp apresenta <strong data-start=\"191\" data-end=\"202\">\u201cDaily\u201d<\/strong>, o segundo cap\u00edtulo de sua narrativa art\u00edstica que atravessa d\u00e9cadas, est\u00e9ticas e refer\u00eancias culturais. Ap\u00f3s revisitar os anos 2000 com o single <strong data-start=\"349\" data-end=\"363\">\u201cEd Hardy\u201d<\/strong>, a artista mineira agora aterrissa nos <strong data-start=\"403\" data-end=\"414\">anos 90<\/strong>, explorando um per\u00edodo marcado pelo auge da cultura pop urbana, das revistas de fofoca, da exposi\u00e7\u00e3o midi\u00e1tica e dos romances vividos sob os holofotes.<\/p>\n<p><img loading=\"lazy\" decoding=\"async\" class=\"aligncenter size-full wp-image-52608\" src=\"https:\/\/yas31.com\/wp-content\/uploads\/2025\/12\/CAPA_-DAILY_SARAH-SAMPP-scaled.png\" alt=\"\" width=\"2560\" height=\"2560\" \/><\/p>\n<p data-start=\"568\" data-end=\"910\">Com lan\u00e7amento marcado para <strong data-start=\"596\" data-end=\"647\">12 de dezembro em todas as plataformas digitais<\/strong>, \u201cDaily\u201d mergulha em uma hist\u00f3ria de paquera e envolvimento amoroso observada pelos olhares curiosos t\u00edpicos da d\u00e9cada. A letra traduz esse clima de exposi\u00e7\u00e3o constante, onde a vida pessoal se torna espet\u00e1culo \u2014 uma leitura atual sobre fama, desejo e intimidade.<\/p>\n<p data-start=\"568\" data-end=\"910\"><img loading=\"lazy\" decoding=\"async\" class=\"aligncenter size-full wp-image-52611\" src=\"https:\/\/yas31.com\/wp-content\/uploads\/2025\/12\/Daily-scaled.jpg\" alt=\"\" width=\"1707\" height=\"2560\" \/><\/p>\n<p data-start=\"912\" data-end=\"1298\">A est\u00e9tica do projeto se estende para al\u00e9m da m\u00fasica. A capa do single foi concebida como uma <strong data-start=\"1006\" data-end=\"1029\">revista dos anos 90<\/strong>, com manchetes que dialogam com o imagin\u00e1rio da \u00e9poca e ainda escondem pistas sobre os pr\u00f3ximos passos da artista nessa jornada temporal. Cada detalhe funciona como parte de um quebra-cabe\u00e7a narrativo, convidando o p\u00fablico a acompanhar e decifrar essa viagem no tempo.<\/p>\n<p data-start=\"1300\" data-end=\"1629\">Na sonoridade, \u201cDaily\u201d conta com produ\u00e7\u00e3o de <strong data-start=\"1345\" data-end=\"1359\">ZukanoBeat<\/strong> e <strong data-start=\"1362\" data-end=\"1368\">LP<\/strong>, que constroem uma batida que revisita o <strong data-start=\"1410\" data-end=\"1441\">pop e o hip hop dos anos 90<\/strong>, equilibrando nostalgia e frescor contempor\u00e2neo. O resultado \u00e9 um ponto de encontro entre passado e presente, mantendo a identidade sonora de Sarah Sampp enquanto amplia suas refer\u00eancias.<\/p>\n<p data-start=\"1631\" data-end=\"1825\">O projeto ganha desdobramentos nas redes sociais da artista, onde uma narrativa <strong data-start=\"1711\" data-end=\"1725\">transm\u00eddia<\/strong> vem sendo desenvolvida, permitindo que o p\u00fablico acompanhe essa jornada entre \u00e9pocas em tempo real.<\/p>\n<p data-start=\"1827\" data-end=\"2264\">A hist\u00f3ria se expande ainda mais no <strong data-start=\"1863\" data-end=\"1888\">videoclipe de \u201cDaily\u201d<\/strong>, que estreia hoje dia <strong data-start=\"1905\" data-end=\"1947\">15 de dezembro, \u00e0s 20h, no YouTube<\/strong>. Com dire\u00e7\u00e3o inspirada na est\u00e9tica visual dos anos 90, o clipe traz cores saturadas, um quarto repleto de p\u00f4steres e uma linguagem de filmagem t\u00edpica da d\u00e9cada. No final, um spoiler revela qual ser\u00e1 a pr\u00f3xima era visitada por Sarah Sampp, mantendo viva a tens\u00e3o narrativa desse projeto que se estender\u00e1 at\u00e9 <strong data-start=\"2255\" data-end=\"2263\">2026<\/strong>.<\/p>\n<p data-start=\"2266\" data-end=\"2477\">Com \u201cDaily\u201d, Sarah Sampp reafirma seu nome como um dos mais inventivos da nova cena do <strong data-start=\"2353\" data-end=\"2386\">hip hop e pop-trap brasileiro<\/strong>, unindo m\u00fasica, est\u00e9tica, storytelling e identidade art\u00edstica em uma experi\u00eancia completa.<\/p>\n<p data-start=\"2479\" data-end=\"2570\">\ud83d\udd17 <strong data-start=\"2482\" data-end=\"2498\">Ou\u00e7a \u201cDaily\u201d<\/strong>: <a class=\"decorated-link\" href=\"https:\/\/sym.ffm.to\/daily\" target=\"_new\" rel=\"noopener\" data-start=\"2500\" data-end=\"2524\">https:\/\/sym.ffm.to\/daily<\/a>_<br data-start=\"2525\" data-end=\"2528\" \/>\ud83d\udcf2 <strong data-start=\"2531\" data-end=\"2544\">Instagram<\/strong>: @sarahsampp_ | @waveent_<\/p>\n","protected":false},"excerpt":{"rendered":"<p>Sarah Sampp apresenta \u201cDaily\u201d, o segundo cap\u00edtulo de sua narrativa art\u00edstica que atravessa d\u00e9cadas, est\u00e9ticas e refer\u00eancias culturais. Ap\u00f3s revisitar os anos 2000 com o single \u201cEd Hardy\u201d, a artista mineira agora aterrissa nos anos 90, explorando um per\u00edodo marcado pelo auge da cultura pop urbana, das revistas de fofoca, da exposi\u00e7\u00e3o midi\u00e1tica e dos romances vividos sob os holofotes. Com lan\u00e7amento marcado para 12 de dezembro em todas as plataformas digitais, \u201cDaily\u201d mergulha em uma hist\u00f3ria de paquera e envolvimento amoroso observada pelos olhares curiosos t\u00edpicos da d\u00e9cada. A letra traduz esse clima de exposi\u00e7\u00e3o constante, onde a vida [&hellip;]<\/p>\n","protected":false},"author":1,"featured_media":52610,"comment_status":"open","ping_status":"open","sticky":false,"template":"","format":"standard","meta":{"_jetpack_newsletter_access":"","_jetpack_dont_email_post_to_subs":false,"_jetpack_newsletter_tier_id":0,"_jetpack_memberships_contains_paywalled_content":false,"_jetpack_feature_clip_id":0,"_jetpack_memberships_contains_paid_content":false,"footnotes":"","jetpack_post_was_ever_published":false},"categories":[817,14,35],"tags":[],"class_list":["post-52607","post","type-post","status-publish","format-standard","has-post-thumbnail","hentry","category-destaque","category-moda","category-musica","post--single"],"jetpack_featured_media_url":"https:\/\/yas31.com\/wp-content\/uploads\/2025\/12\/Captura-de-Tela-2025-12-15-as-11.47.56.png","jetpack_sharing_enabled":true,"_links":{"self":[{"href":"https:\/\/yas31.com\/index.php?rest_route=\/wp\/v2\/posts\/52607","targetHints":{"allow":["GET"]}}],"collection":[{"href":"https:\/\/yas31.com\/index.php?rest_route=\/wp\/v2\/posts"}],"about":[{"href":"https:\/\/yas31.com\/index.php?rest_route=\/wp\/v2\/types\/post"}],"author":[{"embeddable":true,"href":"https:\/\/yas31.com\/index.php?rest_route=\/wp\/v2\/users\/1"}],"replies":[{"embeddable":true,"href":"https:\/\/yas31.com\/index.php?rest_route=%2Fwp%2Fv2%2Fcomments&post=52607"}],"version-history":[{"count":2,"href":"https:\/\/yas31.com\/index.php?rest_route=\/wp\/v2\/posts\/52607\/revisions"}],"predecessor-version":[{"id":52612,"href":"https:\/\/yas31.com\/index.php?rest_route=\/wp\/v2\/posts\/52607\/revisions\/52612"}],"wp:featuredmedia":[{"embeddable":true,"href":"https:\/\/yas31.com\/index.php?rest_route=\/wp\/v2\/media\/52610"}],"wp:attachment":[{"href":"https:\/\/yas31.com\/index.php?rest_route=%2Fwp%2Fv2%2Fmedia&parent=52607"}],"wp:term":[{"taxonomy":"category","embeddable":true,"href":"https:\/\/yas31.com\/index.php?rest_route=%2Fwp%2Fv2%2Fcategories&post=52607"},{"taxonomy":"post_tag","embeddable":true,"href":"https:\/\/yas31.com\/index.php?rest_route=%2Fwp%2Fv2%2Ftags&post=52607"}],"curies":[{"name":"wp","href":"https:\/\/api.w.org\/{rel}","templated":true}]}}