{"id":52573,"date":"2025-12-08T08:45:37","date_gmt":"2025-12-08T08:45:37","guid":{"rendered":"https:\/\/yas31.com\/?p=52573"},"modified":"2025-12-09T12:21:02","modified_gmt":"2025-12-09T12:21:02","slug":"retrato-falado-o-cura-e-a-cidade-jana-macruz-e-pri-amoni","status":"publish","type":"post","link":"https:\/\/yas31.com\/?p=52573","title":{"rendered":"RETRATO FALADO \u2014 O CURA E A CIDADE: JANA MACRUZ E PRI AMONI"},"content":{"rendered":"<p>O <em data-start=\"286\" data-end=\"302\">Retrato Falado<\/em> desta edi\u00e7\u00e3o mergulha na hist\u00f3ria de um dos movimentos culturais mais transformadores do Brasil contempor\u00e2neo: o <strong data-start=\"416\" data-end=\"450\">CURA \u00a0Circuito Urbano de Arte<\/strong>. Conversamos com <strong data-start=\"468\" data-end=\"483\">Jana Macruz<\/strong>, 42 anos, e <strong data-start=\"496\" data-end=\"509\">Pri Amoni<\/strong>, 40, duas das fundadoras desse projeto que mudou a paisagem \u00a0e a autoestima \u00a0de Belo Horizonte.<\/p>\n<p>&nbsp;<\/p>\n<h2 data-start=\"609\" data-end=\"638\"><strong data-start=\"612\" data-end=\"638\">A semente do movimento<\/strong><\/h2>\n<p data-start=\"640\" data-end=\"990\"><img loading=\"lazy\" decoding=\"async\" class=\"aligncenter size-full wp-image-52601\" src=\"https:\/\/yas31.com\/wp-content\/uploads\/2024\/12\/YAS-CAPA-REVISTA-cura-psd.jpg\" alt=\"\" width=\"1080\" height=\"1350\" \/>O CURA nasce de um momento efervescente vivido na capital mineira. Entre 2010 e 2013, a cidade pulsava com ocupa\u00e7\u00f5es criativas, movimentos sociais, debates p\u00fablicos e uma forte presen\u00e7a da cultura de rua. Foi nesse contexto que Jana e Pri impulsionadas por um desejo de pintar pr\u00e9dios inteiros decidiram transformar essa energia em festival.<\/p>\n<p data-start=\"992\" data-end=\"1350\">Morando juntas na \u00e9poca, envolvidas no grafite, na rua, nas trocas com artistas de todo o Brasil, elas criaram um ambiente f\u00e9rtil de experimenta\u00e7\u00e3o. \u201cT\u00ednhamos pura vontade de fazer acontecer\u201d, lembra Pri. A casa que dividiam era tamb\u00e9m espa\u00e7o de cria\u00e7\u00e3o: Jana, Pri, o fot\u00f3grafo Brun\u00e3o e Ane, especialista em trabalho em altura, viviam imersos em arte urbana.<\/p>\n<h2 data-start=\"1352\" data-end=\"1396\"><strong data-start=\"1355\" data-end=\"1396\">A primeira edi\u00e7\u00e3o: um salto no escuro<\/strong><\/h2>\n<p data-start=\"1398\" data-end=\"1690\">Em 2015, nasce o CURA. com poucos recursos, mas com uma rede de apoiadores que acreditou no projeto. A primeira edi\u00e7\u00e3o transformou o Mirante da Sapuca\u00ed no <strong data-start=\"1546\" data-end=\"1572\">Mirante de Arte Urbana<\/strong>, conectando diferentes coletivos e trazendo para o centro debates sobre cidade, mobilidade, pol\u00edtica e cultura negra.<\/p>\n<p data-start=\"1692\" data-end=\"1966\">Nenhum artista recebeu cach\u00ea. V\u00e1rios profissionais trabalharam por parceria. E mesmo assim, o festival ganhou propor\u00e7\u00e3o gigante: ocupou uma lacuna hist\u00f3rica de Belo Horizonte e mostrou, pela primeira vez, o impacto das empenas em grande escala na paisagem urbana da capital.<\/p>\n<p data-start=\"1968\" data-end=\"2113\">Pouco depois, uma marca procurou o grupo para presentear BH com duas empenas no anivers\u00e1rio da cidade. O CURA tinha nascido grande e essencial.<\/p>\n<h2 data-start=\"2115\" data-end=\"2152\"><strong data-start=\"2118\" data-end=\"2152\">O festival que virou movimento<\/strong><\/h2>\n<p data-start=\"2154\" data-end=\"2367\">Ao longo dos anos, o CURA se aprofundou conceitualmente e territorialmente. Do hipercentro, o projeto seguiu para a <strong data-start=\"2270\" data-end=\"2282\">Lagoinha<\/strong>, onde investigou hortas urbanas, terreiros e hist\u00f3rias do primeiro bairro da cidade.<\/p>\n<p data-start=\"2369\" data-end=\"2572\">Depois, chegou \u00e0 <strong data-start=\"2386\" data-end=\"2407\">Pra\u00e7a Raul Soares<\/strong>, estudando o territ\u00f3rio, a arquitetura, o movimento LGBTQIA+ e construindo uma verdadeira m\u00edstica urbana \u00a0com direito a rituais de abertura e curadoras convidadas.<\/p>\n<p data-start=\"2574\" data-end=\"2765\">Em 2020, o CURA deixa de ser apenas um festival de arte urbana e se afirma como <strong data-start=\"2654\" data-end=\"2682\">festival de arte p\u00fablica<\/strong>, expandindo sua presen\u00e7a para instala\u00e7\u00f5es, interven\u00e7\u00f5es e experi\u00eancias sensoriais.<\/p>\n<p data-start=\"2767\" data-end=\"2952\">E finalmente, atravessa o pa\u00eds: <strong data-start=\"2799\" data-end=\"2816\">CURA Amaz\u00f4nia<\/strong>, com empenas pintadas por artistas ind\u00edgenas de etnias brasileiras e internacionais, criando um \u201cportal\u201d entre Belo Horizonte e Manaus.<\/p>\n<p data-start=\"2954\" data-end=\"3049\">Hoje, o CURA n\u00e3o se define mais como festival \u00e9 <strong data-start=\"3004\" data-end=\"3048\">um movimento de arte p\u00fablica em expans\u00e3o<\/strong>.<\/p>\n<h2 data-start=\"3051\" data-end=\"3091\"><strong data-start=\"3054\" data-end=\"3091\">Belo Horizonte, territ\u00f3rio f\u00e9rtil<\/strong><\/h2>\n<p data-start=\"3093\" data-end=\"3388\">A for\u00e7a do CURA tamb\u00e9m nasce da cidade. BH sempre foi terreno coletivo, onde artistas, produtores e movimentos se apoiam. Mas, segundo Jana e Pri, ainda faltam incentivos estruturais: leis de fomento insuficientes, dificuldades de capta\u00e7\u00e3o e pouca verba para trajet\u00f3rias individuais de artistas.<\/p>\n<p data-start=\"3390\" data-end=\"3563\">Mesmo assim, a cena floresce e atrai criativos de todo o pa\u00eds. Belo Horizonte n\u00e3o s\u00f3 reinventou sua pr\u00f3pria autoestima, como se tornou refer\u00eancia nacional em arte p\u00fablica.<\/p>\n<h2 data-start=\"3565\" data-end=\"3588\"><strong data-start=\"3568\" data-end=\"3588\">O futuro do CURA<\/strong><\/h2>\n<p data-start=\"3590\" data-end=\"3622\">Entre os pr\u00f3ximos passos, est\u00e3o:<\/p>\n<ul data-start=\"3624\" data-end=\"3855\">\n<li data-start=\"3624\" data-end=\"3680\">\n<p data-start=\"3626\" data-end=\"3680\">finalizar o <strong data-start=\"3638\" data-end=\"3666\">Mirante do CURA Amaz\u00f4nia<\/strong>, em Manaus;<\/p>\n<\/li>\n<li data-start=\"3681\" data-end=\"3740\">\n<p data-start=\"3683\" data-end=\"3740\">revitalizar empenas de BH que completam quase dez anos;<\/p>\n<\/li>\n<li data-start=\"3741\" data-end=\"3796\">\n<p data-start=\"3743\" data-end=\"3796\">levar o <strong data-start=\"3751\" data-end=\"3767\">CURA Litoral<\/strong> para capitais brasileiras;<\/p>\n<\/li>\n<li data-start=\"3797\" data-end=\"3855\">\n<p data-start=\"3799\" data-end=\"3855\">circular o CURA Amaz\u00f4nia por outras cidades da regi\u00e3o.<\/p>\n<\/li>\n<\/ul>\n<p data-start=\"3857\" data-end=\"3983\">Mas, como dizem as fundadoras, o movimento tamb\u00e9m segue o seu pr\u00f3prio fluxo: \u201c\u00c0s vezes \u00e9 preciso deixar o mist\u00e9rio trabalhar\u201d.<\/p>\n<h2 data-start=\"3985\" data-end=\"4009\"><strong data-start=\"3988\" data-end=\"4009\">Para al\u00e9m do eixo<\/strong><\/h2>\n<p data-start=\"4011\" data-end=\"4176\">Em uma cultura muitas vezes centralizada entre S\u00e3o Paulo e Rio, o CURA \u00e9 um manifesto vivo de que <strong data-start=\"4109\" data-end=\"4144\">a pot\u00eancia est\u00e1 nos territ\u00f3rios<\/strong>, e n\u00e3o nos centros hegem\u00f4nicos.<\/p>\n<p data-start=\"4178\" data-end=\"4346\">\u201cChegou a hora de parar de correr atr\u00e1s. O Brasil precisa fortalecer a sua pr\u00f3pria autoestima. O CURA acontece aqui \u2014 e quem quiser viver isso, vai ter que vir tamb\u00e9m.\u201d<\/p>\n<p data-start=\"4178\" data-end=\"4346\"><a href=\"https:\/\/www.cura.art\/sobre-n\u00f3s\">https:\/\/www.cura.art\/sobre-n\u00f3s<\/a><\/p>\n<p><iframe loading=\"lazy\" title=\"THE YAS, Retrato Falado - CURA arte\" width=\"1200\" height=\"675\" src=\"https:\/\/www.youtube.com\/embed\/Ad7jNZJJ8eE?feature=oembed\" frameborder=\"0\" allow=\"accelerometer; autoplay; clipboard-write; encrypted-media; gyroscope; picture-in-picture; web-share\" referrerpolicy=\"strict-origin-when-cross-origin\" allowfullscreen><\/iframe><\/p>\n\n\t\t<style>\n\t\t\t#gallery-1 {\n\t\t\t\tmargin: auto;\n\t\t\t}\n\t\t\t#gallery-1 .gallery-item {\n\t\t\t\tfloat: left;\n\t\t\t\tmargin-top: 10px;\n\t\t\t\ttext-align: center;\n\t\t\t\twidth: 25%;\n\t\t\t}\n\t\t\t#gallery-1 img {\n\t\t\t\tborder: 2px solid #cfcfcf;\n\t\t\t}\n\t\t\t#gallery-1 .gallery-caption {\n\t\t\t\tmargin-left: 0;\n\t\t\t}\n\t\t\t\/* see gallery_shortcode() in wp-includes\/media.php *\/\n\t\t<\/style>\n\t\t<div id='gallery-1' class='gallery galleryid-52573 gallery-columns-4 gallery-size-medium'><dl class='gallery-item'>\n\t\t\t<dt class='gallery-icon portrait'>\n\t\t\t\t<a href='https:\/\/yas31.com\/?attachment_id=52575'><img loading=\"lazy\" decoding=\"async\" width=\"200\" height=\"300\" src=\"https:\/\/yas31.com\/wp-content\/uploads\/2025\/12\/@DiegoRuahn-_-4-200x300.jpg\" class=\"attachment-medium size-medium\" alt=\"\" \/><\/a>\n\t\t\t<\/dt><\/dl><dl class='gallery-item'>\n\t\t\t<dt class='gallery-icon portrait'>\n\t\t\t\t<a href='https:\/\/yas31.com\/?attachment_id=52576'><img loading=\"lazy\" decoding=\"async\" width=\"200\" height=\"300\" src=\"https:\/\/yas31.com\/wp-content\/uploads\/2025\/12\/@DiegoRuahn-_-15-200x300.jpg\" class=\"attachment-medium size-medium\" alt=\"\" \/><\/a>\n\t\t\t<\/dt><\/dl><dl class='gallery-item'>\n\t\t\t<dt class='gallery-icon portrait'>\n\t\t\t\t<a href='https:\/\/yas31.com\/?attachment_id=52577'><img loading=\"lazy\" decoding=\"async\" width=\"200\" height=\"300\" src=\"https:\/\/yas31.com\/wp-content\/uploads\/2025\/12\/@DiegoRuahn-_-16-200x300.jpg\" class=\"attachment-medium size-medium\" alt=\"\" \/><\/a>\n\t\t\t<\/dt><\/dl><dl class='gallery-item'>\n\t\t\t<dt class='gallery-icon portrait'>\n\t\t\t\t<a href='https:\/\/yas31.com\/?attachment_id=52578'><img loading=\"lazy\" decoding=\"async\" width=\"200\" height=\"300\" src=\"https:\/\/yas31.com\/wp-content\/uploads\/2025\/12\/@DiegoRuahn-_-18-200x300.jpg\" class=\"attachment-medium size-medium\" alt=\"\" \/><\/a>\n\t\t\t<\/dt><\/dl><br style=\"clear: both\" \/><dl class='gallery-item'>\n\t\t\t<dt class='gallery-icon landscape'>\n\t\t\t\t<a href='https:\/\/yas31.com\/?attachment_id=52579'><img loading=\"lazy\" decoding=\"async\" width=\"300\" height=\"200\" src=\"https:\/\/yas31.com\/wp-content\/uploads\/2025\/12\/@DiegoRuahn-_-29-300x200.jpg\" class=\"attachment-medium size-medium\" alt=\"\" \/><\/a>\n\t\t\t<\/dt><\/dl><dl class='gallery-item'>\n\t\t\t<dt class='gallery-icon portrait'>\n\t\t\t\t<a href='https:\/\/yas31.com\/?attachment_id=52580'><img loading=\"lazy\" decoding=\"async\" width=\"200\" height=\"300\" src=\"https:\/\/yas31.com\/wp-content\/uploads\/2025\/12\/@DiegoRuahn-_-36-200x300.jpg\" class=\"attachment-medium size-medium\" alt=\"\" \/><\/a>\n\t\t\t<\/dt><\/dl><dl class='gallery-item'>\n\t\t\t<dt class='gallery-icon landscape'>\n\t\t\t\t<a href='https:\/\/yas31.com\/?attachment_id=52581'><img loading=\"lazy\" decoding=\"async\" width=\"300\" height=\"200\" src=\"https:\/\/yas31.com\/wp-content\/uploads\/2025\/12\/@DiegoRuahn-_-63-300x200.jpg\" class=\"attachment-medium size-medium\" alt=\"\" \/><\/a>\n\t\t\t<\/dt><\/dl><dl class='gallery-item'>\n\t\t\t<dt class='gallery-icon portrait'>\n\t\t\t\t<a href='https:\/\/yas31.com\/?attachment_id=52582'><img loading=\"lazy\" decoding=\"async\" width=\"200\" height=\"300\" src=\"https:\/\/yas31.com\/wp-content\/uploads\/2025\/12\/@DiegoRuahn-_-65-200x300.jpg\" class=\"attachment-medium size-medium\" alt=\"\" \/><\/a>\n\t\t\t<\/dt><\/dl><br style=\"clear: both\" \/><dl class='gallery-item'>\n\t\t\t<dt class='gallery-icon portrait'>\n\t\t\t\t<a href='https:\/\/yas31.com\/?attachment_id=52583'><img loading=\"lazy\" decoding=\"async\" width=\"200\" height=\"300\" src=\"https:\/\/yas31.com\/wp-content\/uploads\/2025\/12\/@DiegoRuahn-_-66-200x300.jpg\" class=\"attachment-medium size-medium\" alt=\"\" \/><\/a>\n\t\t\t<\/dt><\/dl><dl class='gallery-item'>\n\t\t\t<dt class='gallery-icon portrait'>\n\t\t\t\t<a href='https:\/\/yas31.com\/?attachment_id=52584'><img loading=\"lazy\" decoding=\"async\" width=\"200\" height=\"300\" src=\"https:\/\/yas31.com\/wp-content\/uploads\/2025\/12\/@DiegoRuahn-_-69-200x300.jpg\" class=\"attachment-medium size-medium\" alt=\"\" \/><\/a>\n\t\t\t<\/dt><\/dl><dl class='gallery-item'>\n\t\t\t<dt class='gallery-icon portrait'>\n\t\t\t\t<a href='https:\/\/yas31.com\/?attachment_id=52585'><img loading=\"lazy\" decoding=\"async\" width=\"200\" height=\"300\" src=\"https:\/\/yas31.com\/wp-content\/uploads\/2025\/12\/@DiegoRuahn-_-77-200x300.jpg\" class=\"attachment-medium size-medium\" alt=\"\" \/><\/a>\n\t\t\t<\/dt><\/dl><dl class='gallery-item'>\n\t\t\t<dt class='gallery-icon portrait'>\n\t\t\t\t<a href='https:\/\/yas31.com\/?attachment_id=52586'><img loading=\"lazy\" decoding=\"async\" width=\"200\" height=\"300\" src=\"https:\/\/yas31.com\/wp-content\/uploads\/2025\/12\/@DiegoRuahn-_-81-200x300.jpg\" class=\"attachment-medium size-medium\" alt=\"\" \/><\/a>\n\t\t\t<\/dt><\/dl><br style=\"clear: both\" \/><dl class='gallery-item'>\n\t\t\t<dt class='gallery-icon landscape'>\n\t\t\t\t<a href='https:\/\/yas31.com\/?attachment_id=52587'><img loading=\"lazy\" decoding=\"async\" width=\"300\" height=\"200\" src=\"https:\/\/yas31.com\/wp-content\/uploads\/2025\/12\/@DiegoRuahn-_-85-300x200.jpg\" class=\"attachment-medium size-medium\" alt=\"\" \/><\/a>\n\t\t\t<\/dt><\/dl><dl class='gallery-item'>\n\t\t\t<dt class='gallery-icon landscape'>\n\t\t\t\t<a href='https:\/\/yas31.com\/?attachment_id=52588'><img loading=\"lazy\" decoding=\"async\" width=\"300\" height=\"200\" src=\"https:\/\/yas31.com\/wp-content\/uploads\/2025\/12\/@DiegoRuahn-_-88-300x200.jpg\" class=\"attachment-medium size-medium\" alt=\"\" \/><\/a>\n\t\t\t<\/dt><\/dl><dl class='gallery-item'>\n\t\t\t<dt class='gallery-icon portrait'>\n\t\t\t\t<a href='https:\/\/yas31.com\/?attachment_id=52589'><img loading=\"lazy\" decoding=\"async\" width=\"200\" height=\"300\" src=\"https:\/\/yas31.com\/wp-content\/uploads\/2025\/12\/@DiegoRuahn-_-91-200x300.jpg\" class=\"attachment-medium size-medium\" alt=\"\" \/><\/a>\n\t\t\t<\/dt><\/dl><dl class='gallery-item'>\n\t\t\t<dt class='gallery-icon portrait'>\n\t\t\t\t<a href='https:\/\/yas31.com\/?attachment_id=52590'><img loading=\"lazy\" decoding=\"async\" width=\"200\" height=\"300\" src=\"https:\/\/yas31.com\/wp-content\/uploads\/2025\/12\/@DiegoRuahn-_-103-200x300.jpg\" class=\"attachment-medium size-medium\" alt=\"\" \/><\/a>\n\t\t\t<\/dt><\/dl><br style=\"clear: both\" \/><dl class='gallery-item'>\n\t\t\t<dt class='gallery-icon portrait'>\n\t\t\t\t<a href='https:\/\/yas31.com\/?attachment_id=52591'><img loading=\"lazy\" decoding=\"async\" width=\"200\" height=\"300\" src=\"https:\/\/yas31.com\/wp-content\/uploads\/2025\/12\/@DiegoRuahn-_-109-200x300.jpg\" class=\"attachment-medium size-medium\" alt=\"\" \/><\/a>\n\t\t\t<\/dt><\/dl><dl class='gallery-item'>\n\t\t\t<dt class='gallery-icon portrait'>\n\t\t\t\t<a href='https:\/\/yas31.com\/?attachment_id=52592'><img loading=\"lazy\" decoding=\"async\" width=\"200\" height=\"300\" src=\"https:\/\/yas31.com\/wp-content\/uploads\/2025\/12\/@DiegoRuahn-_-113-200x300.jpg\" class=\"attachment-medium size-medium\" alt=\"\" \/><\/a>\n\t\t\t<\/dt><\/dl><dl class='gallery-item'>\n\t\t\t<dt class='gallery-icon portrait'>\n\t\t\t\t<a href='https:\/\/yas31.com\/?attachment_id=52593'><img loading=\"lazy\" decoding=\"async\" width=\"200\" height=\"300\" src=\"https:\/\/yas31.com\/wp-content\/uploads\/2025\/12\/@DiegoRuahn-_-117-200x300.jpg\" class=\"attachment-medium size-medium\" alt=\"\" \/><\/a>\n\t\t\t<\/dt><\/dl><dl class='gallery-item'>\n\t\t\t<dt class='gallery-icon portrait'>\n\t\t\t\t<a href='https:\/\/yas31.com\/?attachment_id=52594'><img loading=\"lazy\" decoding=\"async\" width=\"200\" height=\"300\" src=\"https:\/\/yas31.com\/wp-content\/uploads\/2025\/12\/@DiegoRuahn-_-120-200x300.jpg\" class=\"attachment-medium size-medium\" alt=\"\" \/><\/a>\n\t\t\t<\/dt><\/dl><br style=\"clear: both\" \/><dl class='gallery-item'>\n\t\t\t<dt class='gallery-icon portrait'>\n\t\t\t\t<a href='https:\/\/yas31.com\/?attachment_id=52595'><img loading=\"lazy\" decoding=\"async\" width=\"200\" height=\"300\" src=\"https:\/\/yas31.com\/wp-content\/uploads\/2025\/12\/@DiegoRuahn-_-124-200x300.jpg\" class=\"attachment-medium size-medium\" alt=\"\" \/><\/a>\n\t\t\t<\/dt><\/dl><dl class='gallery-item'>\n\t\t\t<dt class='gallery-icon portrait'>\n\t\t\t\t<a href='https:\/\/yas31.com\/?attachment_id=52596'><img loading=\"lazy\" decoding=\"async\" width=\"200\" height=\"300\" src=\"https:\/\/yas31.com\/wp-content\/uploads\/2025\/12\/@DiegoRuahn-_-127-200x300.jpg\" class=\"attachment-medium size-medium\" alt=\"\" \/><\/a>\n\t\t\t<\/dt><\/dl><dl class='gallery-item'>\n\t\t\t<dt class='gallery-icon landscape'>\n\t\t\t\t<a href='https:\/\/yas31.com\/?attachment_id=52597'><img loading=\"lazy\" decoding=\"async\" width=\"300\" height=\"200\" src=\"https:\/\/yas31.com\/wp-content\/uploads\/2025\/12\/@DiegoRuahn-_-132-300x200.jpg\" class=\"attachment-medium size-medium\" alt=\"\" \/><\/a>\n\t\t\t<\/dt><\/dl><dl class='gallery-item'>\n\t\t\t<dt class='gallery-icon landscape'>\n\t\t\t\t<a href='https:\/\/yas31.com\/?attachment_id=52598'><img loading=\"lazy\" decoding=\"async\" width=\"300\" height=\"200\" src=\"https:\/\/yas31.com\/wp-content\/uploads\/2025\/12\/@DiegoRuahn-_-133-300x200.jpg\" class=\"attachment-medium size-medium\" alt=\"\" \/><\/a>\n\t\t\t<\/dt><\/dl><br style=\"clear: both\" \/>\n\t\t<\/div>\n\n","protected":false},"excerpt":{"rendered":"<p>O Retrato Falado desta edi\u00e7\u00e3o mergulha na hist\u00f3ria de um dos movimentos culturais mais transformadores do Brasil contempor\u00e2neo: o CURA \u00a0Circuito Urbano de Arte. Conversamos com Jana Macruz, 42 anos, e Pri Amoni, 40, duas das fundadoras desse projeto que mudou a paisagem \u00a0e a autoestima \u00a0de Belo Horizonte. &nbsp; A semente do movimento O CURA nasce de um momento efervescente vivido na capital mineira. Entre 2010 e 2013, a cidade pulsava com ocupa\u00e7\u00f5es criativas, movimentos sociais, debates p\u00fablicos e uma forte presen\u00e7a da cultura de rua. Foi nesse contexto que Jana e Pri impulsionadas por um desejo de pintar [&hellip;]<\/p>\n","protected":false},"author":1,"featured_media":52603,"comment_status":"open","ping_status":"open","sticky":false,"template":"","format":"standard","meta":{"_jetpack_newsletter_access":"","_jetpack_dont_email_post_to_subs":false,"_jetpack_newsletter_tier_id":0,"_jetpack_memberships_contains_paywalled_content":false,"_jetpack_feature_clip_id":0,"_jetpack_memberships_contains_paid_content":false,"footnotes":"","jetpack_post_was_ever_published":false},"categories":[817,1281],"tags":[],"class_list":["post-52573","post","type-post","status-publish","format-standard","has-post-thumbnail","hentry","category-destaque","category-retrato-falado","post--single"],"jetpack_featured_media_url":"https:\/\/yas31.com\/wp-content\/uploads\/2024\/12\/YAS-cura-capa-youtube.jpg","jetpack_sharing_enabled":true,"_links":{"self":[{"href":"https:\/\/yas31.com\/index.php?rest_route=\/wp\/v2\/posts\/52573","targetHints":{"allow":["GET"]}}],"collection":[{"href":"https:\/\/yas31.com\/index.php?rest_route=\/wp\/v2\/posts"}],"about":[{"href":"https:\/\/yas31.com\/index.php?rest_route=\/wp\/v2\/types\/post"}],"author":[{"embeddable":true,"href":"https:\/\/yas31.com\/index.php?rest_route=\/wp\/v2\/users\/1"}],"replies":[{"embeddable":true,"href":"https:\/\/yas31.com\/index.php?rest_route=%2Fwp%2Fv2%2Fcomments&post=52573"}],"version-history":[{"count":4,"href":"https:\/\/yas31.com\/index.php?rest_route=\/wp\/v2\/posts\/52573\/revisions"}],"predecessor-version":[{"id":52605,"href":"https:\/\/yas31.com\/index.php?rest_route=\/wp\/v2\/posts\/52573\/revisions\/52605"}],"wp:featuredmedia":[{"embeddable":true,"href":"https:\/\/yas31.com\/index.php?rest_route=\/wp\/v2\/media\/52603"}],"wp:attachment":[{"href":"https:\/\/yas31.com\/index.php?rest_route=%2Fwp%2Fv2%2Fmedia&parent=52573"}],"wp:term":[{"taxonomy":"category","embeddable":true,"href":"https:\/\/yas31.com\/index.php?rest_route=%2Fwp%2Fv2%2Fcategories&post=52573"},{"taxonomy":"post_tag","embeddable":true,"href":"https:\/\/yas31.com\/index.php?rest_route=%2Fwp%2Fv2%2Ftags&post=52573"}],"curies":[{"name":"wp","href":"https:\/\/api.w.org\/{rel}","templated":true}]}}