{"id":52357,"date":"2024-11-26T12:52:01","date_gmt":"2024-11-26T12:52:01","guid":{"rendered":"https:\/\/yas31.com\/?p=52357"},"modified":"2025-09-26T13:25:40","modified_gmt":"2025-09-26T13:25:40","slug":"retrato-falado-karen-brandoles","status":"publish","type":"post","link":"https:\/\/yas31.com\/?p=52357","title":{"rendered":"Retrato Falado \u2014 Karen Brandoles"},"content":{"rendered":"<p data-start=\"471\" data-end=\"537\"><strong data-start=\"471\" data-end=\"535\">\u201cTransformar vidas \u00e9 mais urgente do que seguir tend\u00eancias.\u201d<\/strong><\/p>\n<p data-start=\"539\" data-end=\"918\">Karen Brandoles sempre soube que a moda seria mais do que roupa. Crescida em S\u00e3o Paulo, entre massinhas, bonecas e uma inquieta\u00e7\u00e3o criativa, ela carregava desde cedo o desejo de ajudar pessoas. Primeiro, acreditou que a medicina seria o caminho. Mas a vida tinha outros planos: foi no cruzamento entre moda, comunidade e justi\u00e7a social que ela encontrou sua verdadeira voca\u00e7\u00e3o.<img loading=\"lazy\" decoding=\"async\" class=\"aligncenter size-full wp-image-52359\" src=\"https:\/\/yas31.com\/wp-content\/uploads\/2025\/09\/YAS-CAPA-REVISTA_.jpg\" alt=\"\" width=\"1080\" height=\"1350\" \/><\/p>\n<p data-start=\"920\" data-end=\"1326\">Ap\u00f3s experi\u00eancias em nutri\u00e7\u00e3o, com\u00e9rcio exterior e at\u00e9 um interc\u00e2mbio na Austr\u00e1lia, Karen voltou decidida: faria moda. Atuou como stylist, figurinista, em cat\u00e1logos e grandes lojas, mas percebeu que o mercado tradicional lhe roubava algo essencial: o tempo com a fam\u00edlia, a ess\u00eancia comunit\u00e1ria e a integridade pessoal. A virada veio quando pisou pela primeira vez em uma penitenci\u00e1ria feminina, em 2012.<\/p>\n<p data-start=\"1328\" data-end=\"1754\">O choque de ver mulheres uniformizadas, privadas do direito b\u00e1sico de escolher o que vestir, foi o estalo. \u201cModa \u00e9 liberdade, \u00e9 pol\u00edtica, \u00e9 identidade. E ali eu n\u00e3o vi nada disso\u201d, relembra. Dessa inquieta\u00e7\u00e3o nasceu o embri\u00e3o do que se tornaria a <strong data-start=\"1575\" data-end=\"1600\">Passarela Alternativa<\/strong> \u2014 um projeto que mistura moda, capacita\u00e7\u00e3o e justi\u00e7a restaurativa, oferecendo \u00e0s mulheres presas e egressas a chance de ressignificar suas trajet\u00f3rias.<\/p>\n<p data-start=\"1756\" data-end=\"2039\">O primeiro desfile, realizado dentro do sistema prisional, foi simb\u00f3lico: cores, tecidos doados, costura coletiva. Para as 17 mulheres que desfilaram, era mais do que roupa \u2014 era a possibilidade de se verem como sujeitos de escolha e express\u00e3o. Para Karen, foi um divisor de \u00e1guas.<\/p>\n<p data-start=\"2041\" data-end=\"2391\">Anos depois, j\u00e1 como m\u00e3e solo e ap\u00f3s atravessar depress\u00e3o e crises pessoais, ela transformou dor em a\u00e7\u00e3o. \u201cA primeira pessoa que passou pela passarela alternativa fui eu\u201d, resume. Hoje, o Instituto Passarela Alternativa impacta mulheres em regimes fechado, semiaberto e p\u00f3s-c\u00e1rcere, unindo capacita\u00e7\u00e3o em moda, gera\u00e7\u00e3o de renda e apoio psicol\u00f3gico.<\/p>\n<p data-start=\"2393\" data-end=\"2629\">O trabalho vai al\u00e9m do design: absorventes reutiliz\u00e1veis, projetos de upcycling e parcerias com universidades e marcas ampliam o impacto. Cada pe\u00e7a confeccionada carrega n\u00e3o s\u00f3 tecido, mas hist\u00f3rias \u2014 de resgate, dignidade e pot\u00eancia.<\/p>\n<p data-start=\"2631\" data-end=\"2825\">\u201cImpactar uma mulher \u00e9 impactar uma sociedade inteira\u201d, acredita Karen. Afinal, quando uma mulher transforma sua vida, transforma tamb\u00e9m sua casa, sua comunidade e o futuro de quem vem depois.<\/p>\n<p data-start=\"2827\" data-end=\"3085\">Hoje, entre desfiles que mostram mais do que \u201clookinhos\u201d e costuras que viram met\u00e1foras de reconstru\u00e7\u00e3o, Karen prova que moda pode ser, sim, ferramenta de justi\u00e7a. O que seria descartado \u2014 tecido ou gente \u2014 pode, com afeto e criatividade, renascer em luxo.<\/p>\n<p><iframe loading=\"lazy\" title=\"THE YAS - KAREN BRANDOLES\" width=\"1200\" height=\"675\" src=\"https:\/\/www.youtube.com\/embed\/uLxqoVEpFTg?feature=oembed\" frameborder=\"0\" allow=\"accelerometer; autoplay; clipboard-write; encrypted-media; gyroscope; picture-in-picture; web-share\" referrerpolicy=\"strict-origin-when-cross-origin\" allowfullscreen><\/iframe><\/p>\n<p data-start=\"2827\" data-end=\"3085\">\n","protected":false},"excerpt":{"rendered":"<p>\u201cTransformar vidas \u00e9 mais urgente do que seguir tend\u00eancias.\u201d Karen Brandoles sempre soube que a moda seria mais do que roupa. Crescida em S\u00e3o Paulo, entre massinhas, bonecas e uma inquieta\u00e7\u00e3o criativa, ela carregava desde cedo o desejo de ajudar pessoas. Primeiro, acreditou que a medicina seria o caminho. Mas a vida tinha outros planos: foi no cruzamento entre moda, comunidade e justi\u00e7a social que ela encontrou sua verdadeira voca\u00e7\u00e3o. Ap\u00f3s experi\u00eancias em nutri\u00e7\u00e3o, com\u00e9rcio exterior e at\u00e9 um interc\u00e2mbio na Austr\u00e1lia, Karen voltou decidida: faria moda. Atuou como stylist, figurinista, em cat\u00e1logos e grandes lojas, mas percebeu que o [&hellip;]<\/p>\n","protected":false},"author":1,"featured_media":52361,"comment_status":"open","ping_status":"open","sticky":false,"template":"","format":"standard","meta":{"_jetpack_newsletter_access":"","_jetpack_dont_email_post_to_subs":false,"_jetpack_newsletter_tier_id":0,"_jetpack_memberships_contains_paywalled_content":false,"_jetpack_feature_clip_id":0,"_jetpack_memberships_contains_paid_content":false,"footnotes":"","jetpack_post_was_ever_published":false},"categories":[1281],"tags":[],"class_list":["post-52357","post","type-post","status-publish","format-standard","has-post-thumbnail","hentry","category-retrato-falado","post--single"],"jetpack_featured_media_url":"https:\/\/yas31.com\/wp-content\/uploads\/2024\/11\/IMG_1817.jpg","jetpack_sharing_enabled":true,"_links":{"self":[{"href":"https:\/\/yas31.com\/index.php?rest_route=\/wp\/v2\/posts\/52357","targetHints":{"allow":["GET"]}}],"collection":[{"href":"https:\/\/yas31.com\/index.php?rest_route=\/wp\/v2\/posts"}],"about":[{"href":"https:\/\/yas31.com\/index.php?rest_route=\/wp\/v2\/types\/post"}],"author":[{"embeddable":true,"href":"https:\/\/yas31.com\/index.php?rest_route=\/wp\/v2\/users\/1"}],"replies":[{"embeddable":true,"href":"https:\/\/yas31.com\/index.php?rest_route=%2Fwp%2Fv2%2Fcomments&post=52357"}],"version-history":[{"count":1,"href":"https:\/\/yas31.com\/index.php?rest_route=\/wp\/v2\/posts\/52357\/revisions"}],"predecessor-version":[{"id":52360,"href":"https:\/\/yas31.com\/index.php?rest_route=\/wp\/v2\/posts\/52357\/revisions\/52360"}],"wp:featuredmedia":[{"embeddable":true,"href":"https:\/\/yas31.com\/index.php?rest_route=\/wp\/v2\/media\/52361"}],"wp:attachment":[{"href":"https:\/\/yas31.com\/index.php?rest_route=%2Fwp%2Fv2%2Fmedia&parent=52357"}],"wp:term":[{"taxonomy":"category","embeddable":true,"href":"https:\/\/yas31.com\/index.php?rest_route=%2Fwp%2Fv2%2Fcategories&post=52357"},{"taxonomy":"post_tag","embeddable":true,"href":"https:\/\/yas31.com\/index.php?rest_route=%2Fwp%2Fv2%2Ftags&post=52357"}],"curies":[{"name":"wp","href":"https:\/\/api.w.org\/{rel}","templated":true}]}}