{"id":51777,"date":"2025-08-25T13:50:36","date_gmt":"2025-08-25T13:50:36","guid":{"rendered":"https:\/\/yas31.com\/?p=51777"},"modified":"2025-09-08T13:55:35","modified_gmt":"2025-09-08T13:55:35","slug":"encontro-marcado-com-a-fita-corp-do-garimpo-a-revolucao-do-streetwear-mineiro","status":"publish","type":"post","link":"https:\/\/yas31.com\/?p=51777","title":{"rendered":"Encontro MARCAdo com a Fita Corp \u2013 Do garimpo \u00e0 revolu\u00e7\u00e3o do streetwear mineiro"},"content":{"rendered":"\n<p class=\"wp-block-paragraph\">No cora\u00e7\u00e3o de Belo Horizonte, entre picos de skate, brech\u00f3s escondidos e encontros no Mercado Novo, nasceu a <strong>Fita Corp<\/strong> \u2014 uma marca que vai muito al\u00e9m de roupas. Para <strong>Leonardo e Gabriel<\/strong>, fundadores da Fita, cada pe\u00e7a carrega uma narrativa, um manifesto e um convite para viver a cultura de forma aut\u00eantica.<\/p>\n\n\n\n<p class=\"wp-block-paragraph\">\u201cO skate foi o ponto de partida, mas a Fita nasceu mesmo da vontade de criar algo que traduzisse quem a gente \u00e9 e o que a gente acredita\u201d, conta Leonardo. \u201cA gente cresceu garimpando pe\u00e7as raras, de Polo Bear a Supreme, e percebemos que existia um vazio no cen\u00e1rio de BH. Quer\u00edamos trazer para a cidade aquilo que sempre buscamos fora: refer\u00eancias, estilo, atitude.\u201d<\/p>\n\n\n\n<p class=\"wp-block-paragraph\">Antes da Fita, o caminho passou pelo <strong>Rari Brech\u00f3<\/strong>, projeto criado em 2015, que apresentou aos dois um universo de raridades, storytelling e experimenta\u00e7\u00e3o. Foi ali que surgiram as primeiras ideias, os primeiros kits, as primeiras collabs improvisadas entre t\u00eanis exclusivos e pe\u00e7as vintage. \u201cA Fita vem dessa necessidade de fazer com o que a gente tinha na m\u00e3o. A gente aprendeu tudo na ra\u00e7a, testando, errando, acertando\u2026 mas sempre acreditando que dava pra criar algo nosso, do nosso jeito\u201d, lembra Gabriel.<\/p>\n\n\n\n<p class=\"wp-block-paragraph\">Em 2018, o sonho ganhou forma. A Fita Corp abriu as portas trazendo um olhar novo sobre o <strong>streetwear mineiro<\/strong>: pe\u00e7as vintage, curadoria criteriosa, colabora\u00e7\u00f5es com marcas e artistas locais, e uma est\u00e9tica que conecta passado e presente. \u201cA Fita \u00e9 sobre mem\u00f3ria. Sobre um mundo mais anal\u00f3gico, quando o brinde vinha no refrigerante, quando a propaganda marcava, quando a roupa tinha hist\u00f3ria. A gente traduz isso em cada cole\u00e7\u00e3o, trazendo refer\u00eancias que falam tanto com quem viveu quanto com quem est\u00e1 conhecendo agora\u201d, diz Leonardo.<\/p>\n\n\n\n<p class=\"wp-block-paragraph\">Hoje, instalada no <strong>Mercado Novo<\/strong>, a Fita Corp se consolidou como um <strong>hub de cultura e lifestyle<\/strong> em Belo Horizonte. A loja n\u00e3o \u00e9 apenas um ponto de venda \u2014 \u00e9 um espa\u00e7o de encontro. DJs, artistas, designers, fot\u00f3grafos, colecionadores e amantes de sneakers passam por l\u00e1, trocando ideias, refer\u00eancias e mem\u00f3rias. \u201cBH sempre teve potencial, mas a cena precisava de um lugar que reunisse tudo isso. A Fita veio para preencher essa lacuna\u201d, afirma Gabriel.<\/p>\n\n\n\n<p class=\"wp-block-paragraph\">De Supreme a Palace, de pe\u00e7as garimpadas a cole\u00e7\u00f5es pr\u00f3prias, a Fita Corp evolui com consist\u00eancia e ousadia. Cada drop \u00e9 pensado para contar uma hist\u00f3ria, cada cole\u00e7\u00e3o carrega um recorte do que move os fundadores. \u201cA Fita \u00e9 sobre conex\u00e3o, sobre manter viva a ess\u00eancia da cultura de rua, mas com um olhar contempor\u00e2neo. \u00c9 BH conversando com o mundo inteiro.\u201d<\/p>\n\n\n\n<p class=\"wp-block-paragraph\">E, como eles mesmos gostam de dizer, <strong>\u201ca Fita n\u00e3o \u00e9 s\u00f3 sobre o que voc\u00ea veste \u2014 \u00e9 sobre o que voc\u00ea vive\u201d<\/strong>.<\/p>\n\n\n\n<figure class=\"wp-block-embed is-type-video is-provider-youtube wp-block-embed-youtube wp-embed-aspect-16-9 wp-has-aspect-ratio\"><div class=\"wp-block-embed__wrapper\">\n<div class=\"atbs-ceris-responsive-video\"><iframe loading=\"lazy\" title=\"Encontro Marcado  -  FITA\" width=\"1200\" height=\"675\" src=\"https:\/\/www.youtube.com\/embed\/9DueoVQv7YA?start=9&#038;feature=oembed\" frameborder=\"0\" allow=\"accelerometer; autoplay; clipboard-write; encrypted-media; gyroscope; picture-in-picture; web-share\" referrerpolicy=\"strict-origin-when-cross-origin\" allowfullscreen><\/iframe><\/div>\n<\/div><\/figure>\n","protected":false},"excerpt":{"rendered":"<p>No cora\u00e7\u00e3o de Belo Horizonte, entre picos de skate, brech\u00f3s escondidos e encontros no Mercado Novo, nasceu a Fita Corp \u2014 uma marca que vai muito al\u00e9m de roupas. Para Leonardo e Gabriel, fundadores da Fita, cada pe\u00e7a carrega uma narrativa, um manifesto e um convite para viver a cultura de forma aut\u00eantica. \u201cO skate foi o ponto de partida, mas a Fita nasceu mesmo da vontade de criar algo que traduzisse quem a gente \u00e9 e o que a gente acredita\u201d, conta Leonardo. \u201cA gente cresceu garimpando pe\u00e7as raras, de Polo Bear a Supreme, e percebemos que existia um [&hellip;]<\/p>\n","protected":false},"author":1,"featured_media":51778,"comment_status":"open","ping_status":"open","sticky":false,"template":"","format":"standard","meta":{"_jetpack_newsletter_access":"","_jetpack_dont_email_post_to_subs":false,"_jetpack_newsletter_tier_id":0,"_jetpack_memberships_contains_paywalled_content":false,"_jetpack_feature_clip_id":0,"_jetpack_memberships_contains_paid_content":false,"footnotes":"","jetpack_post_was_ever_published":false},"categories":[817,1538,14],"tags":[],"class_list":["post-51777","post","type-post","status-publish","format-standard","has-post-thumbnail","hentry","category-destaque","category-encontro-marcado","category-moda","post--single"],"jetpack_featured_media_url":"https:\/\/yas31.com\/wp-content\/uploads\/2025\/09\/IMG-Destaque-POST.png","jetpack_sharing_enabled":true,"_links":{"self":[{"href":"https:\/\/yas31.com\/index.php?rest_route=\/wp\/v2\/posts\/51777","targetHints":{"allow":["GET"]}}],"collection":[{"href":"https:\/\/yas31.com\/index.php?rest_route=\/wp\/v2\/posts"}],"about":[{"href":"https:\/\/yas31.com\/index.php?rest_route=\/wp\/v2\/types\/post"}],"author":[{"embeddable":true,"href":"https:\/\/yas31.com\/index.php?rest_route=\/wp\/v2\/users\/1"}],"replies":[{"embeddable":true,"href":"https:\/\/yas31.com\/index.php?rest_route=%2Fwp%2Fv2%2Fcomments&post=51777"}],"version-history":[{"count":1,"href":"https:\/\/yas31.com\/index.php?rest_route=\/wp\/v2\/posts\/51777\/revisions"}],"predecessor-version":[{"id":51782,"href":"https:\/\/yas31.com\/index.php?rest_route=\/wp\/v2\/posts\/51777\/revisions\/51782"}],"wp:featuredmedia":[{"embeddable":true,"href":"https:\/\/yas31.com\/index.php?rest_route=\/wp\/v2\/media\/51778"}],"wp:attachment":[{"href":"https:\/\/yas31.com\/index.php?rest_route=%2Fwp%2Fv2%2Fmedia&parent=51777"}],"wp:term":[{"taxonomy":"category","embeddable":true,"href":"https:\/\/yas31.com\/index.php?rest_route=%2Fwp%2Fv2%2Fcategories&post=51777"},{"taxonomy":"post_tag","embeddable":true,"href":"https:\/\/yas31.com\/index.php?rest_route=%2Fwp%2Fv2%2Ftags&post=51777"}],"curies":[{"name":"wp","href":"https:\/\/api.w.org\/{rel}","templated":true}]}}