{"id":49620,"date":"2025-06-12T19:18:36","date_gmt":"2025-06-12T22:18:36","guid":{"rendered":"https:\/\/yas31.com\/?p=49620"},"modified":"2025-09-08T15:08:15","modified_gmt":"2025-09-08T15:08:15","slug":"veja-abre-primeira-loja-no-brasil-e-aposta-em-crescimento-fora-do-obvio","status":"publish","type":"post","link":"https:\/\/yas31.com\/?p=49620","title":{"rendered":"VEJA abre primeira loja no Brasil \u2014 e aposta em crescimento fora do \u00f3bvio"},"content":{"rendered":"\n<p class=\"wp-block-paragraph\">Num mercado que privilegia velocidade e tend\u00eancia, a <strong><span style=\"text-decoration: underline;\"><a href=\"https:\/\/hypemood.com.br\/tag\/Veja\/\">VEJA<\/a><\/span><\/strong> construiu sua hist\u00f3ria fazendo justamente o contr\u00e1rio. Fundada em 2004 pelos franceses <strong>Fran\u00e7ois-Ghislain Morillion<\/strong> e <strong>S\u00e9bastien Kopp<\/strong>, a marca ganhou status global ao desafiar a l\u00f3gica da moda convencional \u2014 e agora, 20 anos depois, abre as portas de sua <strong>primeira loja f\u00edsica no Brasil<\/strong>, pa\u00eds que \u00e9, literalmente, o cora\u00e7\u00e3o da opera\u00e7\u00e3o da marca.<\/p>\n\n\n\n<p class=\"wp-block-paragraph\">Mais do que um ponto de venda, a nova loja na <strong>Rua Oscar Freire, em S\u00e3o Paulo<\/strong>, \u00e9 quase um manifesto. Afinal, <strong>tudo na VEJA come\u00e7a no Brasil<\/strong>: o algod\u00e3o org\u00e2nico vem do Nordeste, a borracha nativa \u00e9 extra\u00edda da Amaz\u00f4nia e at\u00e9 o PET reciclado \u00e9 coletado nas ruas das grandes cidades. A loja, portanto, simboliza um retorno \u00e0s origens \u2014 mas com vis\u00e3o de futuro.<\/p>\n\n\n\n<p class=\"wp-block-paragraph\">Antes da inaugura\u00e7\u00e3o, a equipe da Veja convidou a imprensa para conhecer o QG da marca em Paris. Ao inv\u00e9s de roadmaps agressivos de marketing, encontramos um ecossistema guiado por valores, onde o design responde \u00e0 realidade da produ\u00e7\u00e3o e \u00e0 \u00e9tica da cadeia. \u201cAs pessoas acham que inova\u00e7\u00e3o \u00e9 fazer o novo\u201d, diz <strong>S\u00e9bastien<\/strong>, diretor criativo.<\/p>\n\n\n\n<blockquote class=\"wp-block-quote is-layout-flow wp-block-quote-is-layout-flow\">\n<p class=\"wp-block-paragraph\">Mas, pra gente, inova\u00e7\u00e3o \u00e9 fazer o necess\u00e1rio. Toda cria\u00e7\u00e3o come\u00e7a com uma pergunta: d\u00e1 pra fazer isso do jeito certo?\u201d<\/p>\n<\/blockquote>\n\n\n\n<p class=\"wp-block-paragraph\">Esse jeito certo inclui lan\u00e7ar produtos <strong>apenas quando h\u00e1 garantia de responsabilidade ambiental e social<\/strong>. A rec\u00e9m-lan\u00e7ada sand\u00e1lia <strong>Etna<\/strong>, por exemplo, nasceu de um longo processo de pesquisa por uma nova silhueta que n\u00e3o ferisse os padr\u00f5es de materiais da marca.<\/p>\n\n\n\n<blockquote class=\"wp-block-quote is-layout-flow wp-block-quote-is-layout-flow\">\n<p class=\"wp-block-paragraph\">N\u00e3o se trata de ser perfeito\u201d, ele refor\u00e7a. \u201cMas de fazer melhor com o que a gente tem.\u201d<\/p>\n<\/blockquote>\n\n\n\n<p class=\"wp-block-paragraph\">A expans\u00e3o f\u00edsica da marca seguiu esse mesmo ritmo desacelerado e intencional. A <strong>primeira loja pr\u00f3pria s\u00f3 foi aberta em 2019<\/strong>, 15 anos ap\u00f3s o lan\u00e7amento da Veja. \u201cAntes disso, a gente n\u00e3o tinha variedade suficiente. Abrir uma loja pra deixar ela vazia n\u00e3o fazia sentido\u201d, comenta <strong>Fran\u00e7ois<\/strong>, respons\u00e1vel pela estrat\u00e9gia da marca.<\/p>\n\n\n\n<p class=\"wp-block-paragraph\">Agora, com uma gama mais ampla de produtos e uma vis\u00e3o ainda mais clara, a Veja projeta encerrar 2025 com <strong>dez flagship stores espalhadas pelo mundo<\/strong> \u2014 incluindo novas unidades em <strong>Copenhague, Marselha e Los Angeles<\/strong>.<\/p>\n\n\n\n<p class=\"wp-block-paragraph\">Em S\u00e3o Paulo, o espa\u00e7o de <strong>600 metros quadrados<\/strong> foi assinado pelo arquiteto e urbanista <strong>Roberto Somlo<\/strong>, e reflete a filosofia da marca: <strong>transpar\u00eancia em tudo<\/strong>. Tijolos aparentes, estruturas vis\u00edveis e uma fachada toda envidra\u00e7ada criam uma conex\u00e3o direta com a rua e o p\u00fablico.<\/p>\n\n\n\n<p class=\"wp-block-paragraph\">A loja ainda estreia no Brasil o programa <strong>\u201cClean, Repair and Collect\u201d<\/strong>, j\u00e1 ativo em cidades como Paris, Berlim, Brooklyn e Londres. Por aqui, uma esta\u00e7\u00e3o de consertos e limpeza de t\u00eanis ser\u00e1 parte do dia a dia \u2014 com servi\u00e7o local, forma\u00e7\u00e3o de profissionais e refor\u00e7o da ideia de durabilidade como forma de resist\u00eancia ao consumo descart\u00e1vel.<\/p>\n\n\n\n<p class=\"wp-block-paragraph\">Mais do que um ponto comercial, a nova loja da VEJA em S\u00e3o Paulo <strong>celebra o in\u00edcio de cada t\u00eanis<\/strong>, dando ao Brasil n\u00e3o apenas protagonismo na produ\u00e7\u00e3o, mas agora tamb\u00e9m um espa\u00e7o de experimenta\u00e7\u00e3o, troca e cuidado com o que se veste.<\/p>\n\n\n\n<p class=\"wp-block-paragraph\"><strong>A loja da VEJA est\u00e1 localizada na Rua Oscar Freire, 565 \u2013 Jardins, S\u00e3o Paulo.<\/strong><\/p>\n\n\n\n<div class=\"wp-block-jetpack-tiled-gallery aligncenter is-style-rectangular\"><div class=\"\"><div class=\"tiled-gallery__gallery\"><div class=\"tiled-gallery__row\"><div class=\"tiled-gallery__col\" style=\"flex-basis:100.00000%\"><figure class=\"tiled-gallery__item\"><a href=\"https:\/\/yas31.com\/wp-content\/uploads\/2025\/06\/06_11_SHOP-SP_DESK68496eaa5042f-1024x482.webp\"><img decoding=\"async\" srcset=\"https:\/\/i0.wp.com\/yas31.com\/wp-content\/uploads\/2025\/06\/06_11_SHOP-SP_DESK68496eaa5042f-1024x482.webp?strip=info&#038;w=600&#038;ssl=1 600w,https:\/\/i0.wp.com\/yas31.com\/wp-content\/uploads\/2025\/06\/06_11_SHOP-SP_DESK68496eaa5042f-1024x482.webp?strip=info&#038;w=900&#038;ssl=1 900w,https:\/\/i0.wp.com\/yas31.com\/wp-content\/uploads\/2025\/06\/06_11_SHOP-SP_DESK68496eaa5042f-1024x482.webp?strip=info&#038;w=1200&#038;ssl=1 1200w,https:\/\/i0.wp.com\/yas31.com\/wp-content\/uploads\/2025\/06\/06_11_SHOP-SP_DESK68496eaa5042f-1024x482.webp?strip=info&#038;w=1500&#038;ssl=1 1500w,https:\/\/i0.wp.com\/yas31.com\/wp-content\/uploads\/2025\/06\/06_11_SHOP-SP_DESK68496eaa5042f-1024x482.webp?strip=info&#038;w=1800&#038;ssl=1 1800w,https:\/\/i0.wp.com\/yas31.com\/wp-content\/uploads\/2025\/06\/06_11_SHOP-SP_DESK68496eaa5042f-1024x482.webp?strip=info&#038;w=2000&#038;ssl=1 2000w\" alt=\"\" data-height=\"1205\" data-id=\"51979\" data-link=\"https:\/\/yas31.com\/veja-abre-primeira-loja-no-brasil-e-aposta-em-crescimento-fora-do-obvio\/06_11_shop-sp_desk68496eaa5042f\/\" data-url=\"https:\/\/yas31.com\/wp-content\/uploads\/2025\/06\/06_11_SHOP-SP_DESK68496eaa5042f-1024x482.webp\" data-width=\"2560\" src=\"https:\/\/i0.wp.com\/yas31.com\/wp-content\/uploads\/2025\/06\/06_11_SHOP-SP_DESK68496eaa5042f-1024x482.webp?ssl=1\" data-amp-layout=\"responsive\"\/><\/a><\/figure><\/div><\/div><div class=\"tiled-gallery__row\"><div class=\"tiled-gallery__col\" style=\"flex-basis:66.76595%\"><figure class=\"tiled-gallery__item\"><a href=\"https:\/\/yas31.com\/wp-content\/uploads\/2025\/06\/veja-sao-paulo-store-01-1024x682.png\"><img decoding=\"async\" srcset=\"https:\/\/i0.wp.com\/yas31.com\/wp-content\/uploads\/2025\/06\/veja-sao-paulo-store-01-1024x682.png?strip=info&#038;w=600&#038;ssl=1 600w,https:\/\/i0.wp.com\/yas31.com\/wp-content\/uploads\/2025\/06\/veja-sao-paulo-store-01-1024x682.png?strip=info&#038;w=900&#038;ssl=1 900w,https:\/\/i0.wp.com\/yas31.com\/wp-content\/uploads\/2025\/06\/veja-sao-paulo-store-01-1024x682.png?strip=info&#038;w=1200&#038;ssl=1 1200w,https:\/\/i0.wp.com\/yas31.com\/wp-content\/uploads\/2025\/06\/veja-sao-paulo-store-01-1024x682.png?strip=info&#038;w=1318&#038;ssl=1 1318w\" alt=\"\" data-height=\"878\" data-id=\"51983\" data-link=\"https:\/\/yas31.com\/veja-abre-primeira-loja-no-brasil-e-aposta-em-crescimento-fora-do-obvio\/veja-sao-paulo-store-01\/\" data-url=\"https:\/\/yas31.com\/wp-content\/uploads\/2025\/06\/veja-sao-paulo-store-01-1024x682.png\" data-width=\"1318\" src=\"https:\/\/i0.wp.com\/yas31.com\/wp-content\/uploads\/2025\/06\/veja-sao-paulo-store-01-1024x682.png?ssl=1\" data-amp-layout=\"responsive\"\/><\/a><\/figure><\/div><div class=\"tiled-gallery__col\" style=\"flex-basis:33.23405%\"><figure class=\"tiled-gallery__item\"><a href=\"https:\/\/yas31.com\/wp-content\/uploads\/2025\/06\/veja-sao-paulo-store-02-1024x682.png\"><img decoding=\"async\" srcset=\"https:\/\/i0.wp.com\/yas31.com\/wp-content\/uploads\/2025\/06\/veja-sao-paulo-store-02-1024x682.png?strip=info&#038;w=600&#038;ssl=1 600w,https:\/\/i0.wp.com\/yas31.com\/wp-content\/uploads\/2025\/06\/veja-sao-paulo-store-02-1024x682.png?strip=info&#038;w=900&#038;ssl=1 900w,https:\/\/i0.wp.com\/yas31.com\/wp-content\/uploads\/2025\/06\/veja-sao-paulo-store-02-1024x682.png?strip=info&#038;w=1200&#038;ssl=1 1200w,https:\/\/i0.wp.com\/yas31.com\/wp-content\/uploads\/2025\/06\/veja-sao-paulo-store-02-1024x682.png?strip=info&#038;w=1318&#038;ssl=1 1318w\" alt=\"\" data-height=\"878\" data-id=\"51976\" data-link=\"https:\/\/yas31.com\/veja-abre-primeira-loja-no-brasil-e-aposta-em-crescimento-fora-do-obvio\/veja-sao-paulo-store-02\/\" data-url=\"https:\/\/yas31.com\/wp-content\/uploads\/2025\/06\/veja-sao-paulo-store-02-1024x682.png\" data-width=\"1318\" src=\"https:\/\/i0.wp.com\/yas31.com\/wp-content\/uploads\/2025\/06\/veja-sao-paulo-store-02-1024x682.png?ssl=1\" data-amp-layout=\"responsive\"\/><\/a><\/figure><figure class=\"tiled-gallery__item\"><a href=\"https:\/\/yas31.com\/wp-content\/uploads\/2025\/06\/veja-sao-paulo-store-03-1024x682.png\"><img decoding=\"async\" srcset=\"https:\/\/i0.wp.com\/yas31.com\/wp-content\/uploads\/2025\/06\/veja-sao-paulo-store-03-1024x682.png?strip=info&#038;w=600&#038;ssl=1 600w,https:\/\/i0.wp.com\/yas31.com\/wp-content\/uploads\/2025\/06\/veja-sao-paulo-store-03-1024x682.png?strip=info&#038;w=900&#038;ssl=1 900w,https:\/\/i0.wp.com\/yas31.com\/wp-content\/uploads\/2025\/06\/veja-sao-paulo-store-03-1024x682.png?strip=info&#038;w=1200&#038;ssl=1 1200w,https:\/\/i0.wp.com\/yas31.com\/wp-content\/uploads\/2025\/06\/veja-sao-paulo-store-03-1024x682.png?strip=info&#038;w=1318&#038;ssl=1 1318w\" alt=\"\" data-height=\"878\" data-id=\"51982\" data-link=\"https:\/\/yas31.com\/veja-abre-primeira-loja-no-brasil-e-aposta-em-crescimento-fora-do-obvio\/veja-sao-paulo-store-03\/\" data-url=\"https:\/\/yas31.com\/wp-content\/uploads\/2025\/06\/veja-sao-paulo-store-03-1024x682.png\" data-width=\"1318\" src=\"https:\/\/i0.wp.com\/yas31.com\/wp-content\/uploads\/2025\/06\/veja-sao-paulo-store-03-1024x682.png?ssl=1\" data-amp-layout=\"responsive\"\/><\/a><\/figure><\/div><\/div><div class=\"tiled-gallery__row\"><div class=\"tiled-gallery__col\" style=\"flex-basis:25.00000%\"><figure class=\"tiled-gallery__item\"><a href=\"https:\/\/yas31.com\/wp-content\/uploads\/2025\/06\/veja-sao-paulo-store-04-1024x682.png\"><img decoding=\"async\" srcset=\"https:\/\/i0.wp.com\/yas31.com\/wp-content\/uploads\/2025\/06\/veja-sao-paulo-store-04-1024x682.png?strip=info&#038;w=600&#038;ssl=1 600w,https:\/\/i0.wp.com\/yas31.com\/wp-content\/uploads\/2025\/06\/veja-sao-paulo-store-04-1024x682.png?strip=info&#038;w=900&#038;ssl=1 900w,https:\/\/i0.wp.com\/yas31.com\/wp-content\/uploads\/2025\/06\/veja-sao-paulo-store-04-1024x682.png?strip=info&#038;w=1200&#038;ssl=1 1200w,https:\/\/i0.wp.com\/yas31.com\/wp-content\/uploads\/2025\/06\/veja-sao-paulo-store-04-1024x682.png?strip=info&#038;w=1318&#038;ssl=1 1318w\" alt=\"\" data-height=\"878\" data-id=\"51980\" data-link=\"https:\/\/yas31.com\/veja-abre-primeira-loja-no-brasil-e-aposta-em-crescimento-fora-do-obvio\/veja-sao-paulo-store-04\/\" data-url=\"https:\/\/yas31.com\/wp-content\/uploads\/2025\/06\/veja-sao-paulo-store-04-1024x682.png\" data-width=\"1318\" src=\"https:\/\/i0.wp.com\/yas31.com\/wp-content\/uploads\/2025\/06\/veja-sao-paulo-store-04-1024x682.png?ssl=1\" data-amp-layout=\"responsive\"\/><\/a><\/figure><\/div><div class=\"tiled-gallery__col\" style=\"flex-basis:25.00000%\"><figure class=\"tiled-gallery__item\"><a href=\"https:\/\/yas31.com\/wp-content\/uploads\/2025\/06\/veja-sao-paulo-store-05-1024x682.png\"><img decoding=\"async\" srcset=\"https:\/\/i0.wp.com\/yas31.com\/wp-content\/uploads\/2025\/06\/veja-sao-paulo-store-05-1024x682.png?strip=info&#038;w=600&#038;ssl=1 600w,https:\/\/i0.wp.com\/yas31.com\/wp-content\/uploads\/2025\/06\/veja-sao-paulo-store-05-1024x682.png?strip=info&#038;w=900&#038;ssl=1 900w,https:\/\/i0.wp.com\/yas31.com\/wp-content\/uploads\/2025\/06\/veja-sao-paulo-store-05-1024x682.png?strip=info&#038;w=1200&#038;ssl=1 1200w,https:\/\/i0.wp.com\/yas31.com\/wp-content\/uploads\/2025\/06\/veja-sao-paulo-store-05-1024x682.png?strip=info&#038;w=1318&#038;ssl=1 1318w\" alt=\"\" data-height=\"878\" data-id=\"51981\" data-link=\"https:\/\/yas31.com\/veja-abre-primeira-loja-no-brasil-e-aposta-em-crescimento-fora-do-obvio\/veja-sao-paulo-store-05\/\" data-url=\"https:\/\/yas31.com\/wp-content\/uploads\/2025\/06\/veja-sao-paulo-store-05-1024x682.png\" data-width=\"1318\" src=\"https:\/\/i0.wp.com\/yas31.com\/wp-content\/uploads\/2025\/06\/veja-sao-paulo-store-05-1024x682.png?ssl=1\" data-amp-layout=\"responsive\"\/><\/a><\/figure><\/div><div class=\"tiled-gallery__col\" style=\"flex-basis:25.00000%\"><figure class=\"tiled-gallery__item\"><a href=\"https:\/\/yas31.com\/wp-content\/uploads\/2025\/06\/veja-sao-paulo-store-06-1024x682.png\"><img decoding=\"async\" srcset=\"https:\/\/i0.wp.com\/yas31.com\/wp-content\/uploads\/2025\/06\/veja-sao-paulo-store-06-1024x682.png?strip=info&#038;w=600&#038;ssl=1 600w,https:\/\/i0.wp.com\/yas31.com\/wp-content\/uploads\/2025\/06\/veja-sao-paulo-store-06-1024x682.png?strip=info&#038;w=900&#038;ssl=1 900w,https:\/\/i0.wp.com\/yas31.com\/wp-content\/uploads\/2025\/06\/veja-sao-paulo-store-06-1024x682.png?strip=info&#038;w=1200&#038;ssl=1 1200w,https:\/\/i0.wp.com\/yas31.com\/wp-content\/uploads\/2025\/06\/veja-sao-paulo-store-06-1024x682.png?strip=info&#038;w=1318&#038;ssl=1 1318w\" alt=\"\" data-height=\"878\" data-id=\"51977\" data-link=\"https:\/\/yas31.com\/veja-abre-primeira-loja-no-brasil-e-aposta-em-crescimento-fora-do-obvio\/veja-sao-paulo-store-06\/\" data-url=\"https:\/\/yas31.com\/wp-content\/uploads\/2025\/06\/veja-sao-paulo-store-06-1024x682.png\" data-width=\"1318\" src=\"https:\/\/i0.wp.com\/yas31.com\/wp-content\/uploads\/2025\/06\/veja-sao-paulo-store-06-1024x682.png?ssl=1\" data-amp-layout=\"responsive\"\/><\/a><\/figure><\/div><div class=\"tiled-gallery__col\" style=\"flex-basis:25.00000%\"><figure class=\"tiled-gallery__item\"><a href=\"https:\/\/yas31.com\/wp-content\/uploads\/2025\/06\/veja-sao-paulo-store-07-1024x682.png\"><img decoding=\"async\" srcset=\"https:\/\/i0.wp.com\/yas31.com\/wp-content\/uploads\/2025\/06\/veja-sao-paulo-store-07-1024x682.png?strip=info&#038;w=600&#038;ssl=1 600w,https:\/\/i0.wp.com\/yas31.com\/wp-content\/uploads\/2025\/06\/veja-sao-paulo-store-07-1024x682.png?strip=info&#038;w=900&#038;ssl=1 900w,https:\/\/i0.wp.com\/yas31.com\/wp-content\/uploads\/2025\/06\/veja-sao-paulo-store-07-1024x682.png?strip=info&#038;w=1200&#038;ssl=1 1200w,https:\/\/i0.wp.com\/yas31.com\/wp-content\/uploads\/2025\/06\/veja-sao-paulo-store-07-1024x682.png?strip=info&#038;w=1318&#038;ssl=1 1318w\" alt=\"\" data-height=\"878\" data-id=\"51978\" data-link=\"https:\/\/yas31.com\/veja-abre-primeira-loja-no-brasil-e-aposta-em-crescimento-fora-do-obvio\/veja-sao-paulo-store-07\/\" data-url=\"https:\/\/yas31.com\/wp-content\/uploads\/2025\/06\/veja-sao-paulo-store-07-1024x682.png\" data-width=\"1318\" src=\"https:\/\/i0.wp.com\/yas31.com\/wp-content\/uploads\/2025\/06\/veja-sao-paulo-store-07-1024x682.png?ssl=1\" data-amp-layout=\"responsive\"\/><\/a><\/figure><\/div><\/div><\/div><\/div><\/div>\n","protected":false},"excerpt":{"rendered":"<p>Num mercado que privilegia velocidade e tend\u00eancia, a VEJA construiu sua hist\u00f3ria fazendo justamente o contr\u00e1rio. Fundada em 2004 pelos franceses Fran\u00e7ois-Ghislain Morillion e S\u00e9bastien Kopp, a marca ganhou status global ao desafiar a l\u00f3gica da moda convencional \u2014 e agora, 20 anos depois, abre as portas de sua primeira loja f\u00edsica no Brasil, pa\u00eds que \u00e9, literalmente, o cora\u00e7\u00e3o da opera\u00e7\u00e3o da marca. Mais do que um ponto de venda, a nova loja na Rua Oscar Freire, em S\u00e3o Paulo, \u00e9 quase um manifesto. Afinal, tudo na VEJA come\u00e7a no Brasil: o algod\u00e3o org\u00e2nico vem do Nordeste, a borracha [&hellip;]<\/p>\n","protected":false},"author":1,"featured_media":51979,"comment_status":"open","ping_status":"open","sticky":false,"template":"","format":"standard","meta":{"_jetpack_newsletter_access":"","_jetpack_dont_email_post_to_subs":false,"_jetpack_newsletter_tier_id":0,"_jetpack_memberships_contains_paywalled_content":false,"_jetpack_feature_clip_id":0,"_jetpack_memberships_contains_paid_content":false,"footnotes":"","jetpack_post_was_ever_published":false},"categories":[2],"tags":[1384],"class_list":["post-49620","post","type-post","status-publish","format-standard","has-post-thumbnail","hentry","category-footwear","tag-veja","post--single"],"jetpack_featured_media_url":"https:\/\/yas31.com\/wp-content\/uploads\/2025\/06\/06_11_SHOP-SP_DESK68496eaa5042f-scaled.webp","jetpack_sharing_enabled":true,"_links":{"self":[{"href":"https:\/\/yas31.com\/index.php?rest_route=\/wp\/v2\/posts\/49620","targetHints":{"allow":["GET"]}}],"collection":[{"href":"https:\/\/yas31.com\/index.php?rest_route=\/wp\/v2\/posts"}],"about":[{"href":"https:\/\/yas31.com\/index.php?rest_route=\/wp\/v2\/types\/post"}],"author":[{"embeddable":true,"href":"https:\/\/yas31.com\/index.php?rest_route=\/wp\/v2\/users\/1"}],"replies":[{"embeddable":true,"href":"https:\/\/yas31.com\/index.php?rest_route=%2Fwp%2Fv2%2Fcomments&post=49620"}],"version-history":[{"count":1,"href":"https:\/\/yas31.com\/index.php?rest_route=\/wp\/v2\/posts\/49620\/revisions"}],"predecessor-version":[{"id":51994,"href":"https:\/\/yas31.com\/index.php?rest_route=\/wp\/v2\/posts\/49620\/revisions\/51994"}],"wp:featuredmedia":[{"embeddable":true,"href":"https:\/\/yas31.com\/index.php?rest_route=\/wp\/v2\/media\/51979"}],"wp:attachment":[{"href":"https:\/\/yas31.com\/index.php?rest_route=%2Fwp%2Fv2%2Fmedia&parent=49620"}],"wp:term":[{"taxonomy":"category","embeddable":true,"href":"https:\/\/yas31.com\/index.php?rest_route=%2Fwp%2Fv2%2Fcategories&post=49620"},{"taxonomy":"post_tag","embeddable":true,"href":"https:\/\/yas31.com\/index.php?rest_route=%2Fwp%2Fv2%2Ftags&post=49620"}],"curies":[{"name":"wp","href":"https:\/\/api.w.org\/{rel}","templated":true}]}}