{"id":49294,"date":"2025-06-07T12:22:57","date_gmt":"2025-06-07T15:22:57","guid":{"rendered":"https:\/\/yas31.com\/?p=49294"},"modified":"2025-06-07T12:22:57","modified_gmt":"2025-06-07T15:22:57","slug":"mclaren-celebra-30-anos-de-gloria-em-le-mans-com-edicao-limitada-do-750s","status":"publish","type":"post","link":"https:\/\/yas31.com\/?p=49294","title":{"rendered":"McLaren celebra 30 anos de gl\u00f3ria em Le Mans com edi\u00e7\u00e3o limitada do 750S"},"content":{"rendered":"\n<p class=\"wp-block-paragraph\">Tr\u00eas d\u00e9cadas ap\u00f3s conquistar uma das vit\u00f3rias mais emblem\u00e1ticas da hist\u00f3ria das 24 Horas de Le Mans, a <strong><span style=\"text-decoration: underline;\"><a href=\"https:\/\/hypemood.com.br\/tag\/McLaren\/\">McLaren<\/a><\/span><\/strong> retorna \u00e0s pistas da mem\u00f3ria com um tributo \u00e0 altura: o <strong>750S Le Mans Edition<\/strong>. Limitado a apenas <strong>50 unidades no mundo<\/strong>, o modelo homenageia o lend\u00e1rio <strong>F1 GTR #59<\/strong>, que cravou seu nome na hist\u00f3ria da endurance em 1995 com Lehto, Dalmas e Sekiya no <em>cockpit<\/em>.<\/p>\n\n\n\n<p class=\"wp-block-paragraph\">Baseado no supercarro 750S, o modelo ganha exclusividade est\u00e9tica e aerodin\u00e2mica com o pacote <strong>MSO High Downforce Kit (HDK)<\/strong>, que adiciona 10% a mais de <em>downforce<\/em> gra\u00e7as ao <strong>spoiler traseiro elevado<\/strong>, <strong><em>splitter<\/em> frontal ampliado<\/strong> e <strong>melhorias no assoalho<\/strong>. A carroceria vem em duas cores cl\u00e1ssicas \u2014 <strong>Le Mans Grey<\/strong> e <strong>McLaren Orange<\/strong> \u2014 e traz rodas LM de 5 raios, scoop no teto funcional e grafismos especiais que remetem ao universo de Le Mans.<\/p>\n\n\n\n<p class=\"wp-block-paragraph\">Por dentro, a aten\u00e7\u00e3o aos detalhes \u00e9 digna de colecionador: duas op\u00e7\u00f5es de acabamento em <strong>Alc\u00e2ntara e couro<\/strong>, ambas com <strong>ins\u00edgnias em baixo-relevo<\/strong> e uma <strong>plaqueta dedicada<\/strong> comemorando os 30 anos do feito.<\/p>\n\n\n\n<p class=\"wp-block-paragraph\">Sob o cap\u00f4, o 750S Le Mans mant\u00e9m o cora\u00e7\u00e3o V8 biturbo de <strong>740 cv<\/strong>, aliado ao sistema <strong>Proactive Chassis Control III<\/strong>, entregando desempenho cir\u00fargico com controle absoluto em qualquer curva. O lan\u00e7amento chega \u00e0s v\u00e9speras da edi\u00e7\u00e3o 2025 de Le Mans, onde a marca voltar\u00e1 ao circuito com dois <strong>750S GT3 EVO<\/strong> \u2014 reafirmando que, para a McLaren, o legado \u00e9 apenas o ponto de partida.<\/p>\n\n\n\n<div class=\"wp-block-jetpack-tiled-gallery aligncenter is-style-rectangular\"><div class=\"\"><div class=\"tiled-gallery__gallery\"><div class=\"tiled-gallery__row\"><div class=\"tiled-gallery__col\" style=\"flex-basis:66.76552%\"><figure class=\"tiled-gallery__item\"><a href=\"https:\/\/yas31.com\/wp-content\/uploads\/2025\/06\/mclaren-750s-le-mans-edition-01-1024x682.jpg\"><img decoding=\"async\" srcset=\"https:\/\/i0.wp.com\/yas31.com\/wp-content\/uploads\/2025\/06\/mclaren-750s-le-mans-edition-01-1024x682.jpg?strip=info&#038;w=600&#038;ssl=1 600w,https:\/\/i0.wp.com\/yas31.com\/wp-content\/uploads\/2025\/06\/mclaren-750s-le-mans-edition-01-1024x682.jpg?strip=info&#038;w=900&#038;ssl=1 900w,https:\/\/i0.wp.com\/yas31.com\/wp-content\/uploads\/2025\/06\/mclaren-750s-le-mans-edition-01-1024x682.jpg?strip=info&#038;w=1200&#038;ssl=1 1200w,https:\/\/i0.wp.com\/yas31.com\/wp-content\/uploads\/2025\/06\/mclaren-750s-le-mans-edition-01-1024x682.jpg?strip=info&#038;w=1280&#038;ssl=1 1280w\" alt=\"\" data-height=\"853\" data-id=\"49295\" data-link=\"https:\/\/yas31.com\/?attachment_id=49295\" data-url=\"https:\/\/yas31.com\/wp-content\/uploads\/2025\/06\/mclaren-750s-le-mans-edition-01-1024x682.jpg\" data-width=\"1280\" src=\"https:\/\/i0.wp.com\/yas31.com\/wp-content\/uploads\/2025\/06\/mclaren-750s-le-mans-edition-01-1024x682.jpg?ssl=1\" data-amp-layout=\"responsive\"\/><\/a><\/figure><\/div><div class=\"tiled-gallery__col\" style=\"flex-basis:33.23448%\"><figure class=\"tiled-gallery__item\"><a href=\"https:\/\/yas31.com\/wp-content\/uploads\/2025\/06\/mclaren-750s-le-mans-edition-02-1024x682.jpg\"><img decoding=\"async\" srcset=\"https:\/\/i0.wp.com\/yas31.com\/wp-content\/uploads\/2025\/06\/mclaren-750s-le-mans-edition-02-1024x682.jpg?strip=info&#038;w=600&#038;ssl=1 600w,https:\/\/i0.wp.com\/yas31.com\/wp-content\/uploads\/2025\/06\/mclaren-750s-le-mans-edition-02-1024x682.jpg?strip=info&#038;w=900&#038;ssl=1 900w,https:\/\/i0.wp.com\/yas31.com\/wp-content\/uploads\/2025\/06\/mclaren-750s-le-mans-edition-02-1024x682.jpg?strip=info&#038;w=1200&#038;ssl=1 1200w,https:\/\/i0.wp.com\/yas31.com\/wp-content\/uploads\/2025\/06\/mclaren-750s-le-mans-edition-02-1024x682.jpg?strip=info&#038;w=1280&#038;ssl=1 1280w\" alt=\"\" data-height=\"853\" data-id=\"49298\" data-link=\"https:\/\/yas31.com\/?attachment_id=49298\" data-url=\"https:\/\/yas31.com\/wp-content\/uploads\/2025\/06\/mclaren-750s-le-mans-edition-02-1024x682.jpg\" data-width=\"1280\" src=\"https:\/\/i0.wp.com\/yas31.com\/wp-content\/uploads\/2025\/06\/mclaren-750s-le-mans-edition-02-1024x682.jpg?ssl=1\" data-amp-layout=\"responsive\"\/><\/a><\/figure><figure class=\"tiled-gallery__item\"><a href=\"https:\/\/yas31.com\/wp-content\/uploads\/2025\/06\/mclaren-750s-le-mans-edition-03-1024x682.jpg\"><img decoding=\"async\" srcset=\"https:\/\/i0.wp.com\/yas31.com\/wp-content\/uploads\/2025\/06\/mclaren-750s-le-mans-edition-03-1024x682.jpg?strip=info&#038;w=600&#038;ssl=1 600w,https:\/\/i0.wp.com\/yas31.com\/wp-content\/uploads\/2025\/06\/mclaren-750s-le-mans-edition-03-1024x682.jpg?strip=info&#038;w=900&#038;ssl=1 900w,https:\/\/i0.wp.com\/yas31.com\/wp-content\/uploads\/2025\/06\/mclaren-750s-le-mans-edition-03-1024x682.jpg?strip=info&#038;w=1200&#038;ssl=1 1200w,https:\/\/i0.wp.com\/yas31.com\/wp-content\/uploads\/2025\/06\/mclaren-750s-le-mans-edition-03-1024x682.jpg?strip=info&#038;w=1280&#038;ssl=1 1280w\" alt=\"\" data-height=\"853\" data-id=\"49297\" data-link=\"https:\/\/yas31.com\/?attachment_id=49297\" data-url=\"https:\/\/yas31.com\/wp-content\/uploads\/2025\/06\/mclaren-750s-le-mans-edition-03-1024x682.jpg\" data-width=\"1280\" src=\"https:\/\/i0.wp.com\/yas31.com\/wp-content\/uploads\/2025\/06\/mclaren-750s-le-mans-edition-03-1024x682.jpg?ssl=1\" data-amp-layout=\"responsive\"\/><\/a><\/figure><\/div><\/div><div class=\"tiled-gallery__row\"><div class=\"tiled-gallery__col\" style=\"flex-basis:33.33333%\"><figure class=\"tiled-gallery__item\"><a href=\"https:\/\/yas31.com\/wp-content\/uploads\/2025\/06\/mclaren-750s-le-mans-edition-04-1024x682.jpg\"><img decoding=\"async\" srcset=\"https:\/\/i0.wp.com\/yas31.com\/wp-content\/uploads\/2025\/06\/mclaren-750s-le-mans-edition-04-1024x682.jpg?strip=info&#038;w=600&#038;ssl=1 600w,https:\/\/i0.wp.com\/yas31.com\/wp-content\/uploads\/2025\/06\/mclaren-750s-le-mans-edition-04-1024x682.jpg?strip=info&#038;w=900&#038;ssl=1 900w,https:\/\/i0.wp.com\/yas31.com\/wp-content\/uploads\/2025\/06\/mclaren-750s-le-mans-edition-04-1024x682.jpg?strip=info&#038;w=1200&#038;ssl=1 1200w,https:\/\/i0.wp.com\/yas31.com\/wp-content\/uploads\/2025\/06\/mclaren-750s-le-mans-edition-04-1024x682.jpg?strip=info&#038;w=1280&#038;ssl=1 1280w\" alt=\"\" data-height=\"853\" data-id=\"49296\" data-link=\"https:\/\/yas31.com\/?attachment_id=49296\" data-url=\"https:\/\/yas31.com\/wp-content\/uploads\/2025\/06\/mclaren-750s-le-mans-edition-04-1024x682.jpg\" data-width=\"1280\" src=\"https:\/\/i0.wp.com\/yas31.com\/wp-content\/uploads\/2025\/06\/mclaren-750s-le-mans-edition-04-1024x682.jpg?ssl=1\" data-amp-layout=\"responsive\"\/><\/a><\/figure><\/div><div class=\"tiled-gallery__col\" style=\"flex-basis:33.33333%\"><figure class=\"tiled-gallery__item\"><a href=\"https:\/\/yas31.com\/wp-content\/uploads\/2025\/06\/mclaren-750s-le-mans-edition-05-1024x682.jpg\"><img decoding=\"async\" srcset=\"https:\/\/i0.wp.com\/yas31.com\/wp-content\/uploads\/2025\/06\/mclaren-750s-le-mans-edition-05-1024x682.jpg?strip=info&#038;w=600&#038;ssl=1 600w,https:\/\/i0.wp.com\/yas31.com\/wp-content\/uploads\/2025\/06\/mclaren-750s-le-mans-edition-05-1024x682.jpg?strip=info&#038;w=900&#038;ssl=1 900w,https:\/\/i0.wp.com\/yas31.com\/wp-content\/uploads\/2025\/06\/mclaren-750s-le-mans-edition-05-1024x682.jpg?strip=info&#038;w=1200&#038;ssl=1 1200w,https:\/\/i0.wp.com\/yas31.com\/wp-content\/uploads\/2025\/06\/mclaren-750s-le-mans-edition-05-1024x682.jpg?strip=info&#038;w=1280&#038;ssl=1 1280w\" alt=\"\" data-height=\"853\" data-id=\"49301\" data-link=\"https:\/\/yas31.com\/?attachment_id=49301\" data-url=\"https:\/\/yas31.com\/wp-content\/uploads\/2025\/06\/mclaren-750s-le-mans-edition-05-1024x682.jpg\" data-width=\"1280\" src=\"https:\/\/i0.wp.com\/yas31.com\/wp-content\/uploads\/2025\/06\/mclaren-750s-le-mans-edition-05-1024x682.jpg?ssl=1\" data-amp-layout=\"responsive\"\/><\/a><\/figure><\/div><div class=\"tiled-gallery__col\" style=\"flex-basis:33.33333%\"><figure class=\"tiled-gallery__item\"><a href=\"https:\/\/yas31.com\/wp-content\/uploads\/2025\/06\/mclaren-750s-le-mans-edition-06-1024x682.jpg\"><img decoding=\"async\" srcset=\"https:\/\/i0.wp.com\/yas31.com\/wp-content\/uploads\/2025\/06\/mclaren-750s-le-mans-edition-06-1024x682.jpg?strip=info&#038;w=600&#038;ssl=1 600w,https:\/\/i0.wp.com\/yas31.com\/wp-content\/uploads\/2025\/06\/mclaren-750s-le-mans-edition-06-1024x682.jpg?strip=info&#038;w=900&#038;ssl=1 900w,https:\/\/i0.wp.com\/yas31.com\/wp-content\/uploads\/2025\/06\/mclaren-750s-le-mans-edition-06-1024x682.jpg?strip=info&#038;w=1200&#038;ssl=1 1200w,https:\/\/i0.wp.com\/yas31.com\/wp-content\/uploads\/2025\/06\/mclaren-750s-le-mans-edition-06-1024x682.jpg?strip=info&#038;w=1280&#038;ssl=1 1280w\" alt=\"\" data-height=\"853\" data-id=\"49302\" data-link=\"https:\/\/yas31.com\/?attachment_id=49302\" data-url=\"https:\/\/yas31.com\/wp-content\/uploads\/2025\/06\/mclaren-750s-le-mans-edition-06-1024x682.jpg\" data-width=\"1280\" src=\"https:\/\/i0.wp.com\/yas31.com\/wp-content\/uploads\/2025\/06\/mclaren-750s-le-mans-edition-06-1024x682.jpg?ssl=1\" data-amp-layout=\"responsive\"\/><\/a><\/figure><\/div><\/div><div class=\"tiled-gallery__row\"><div class=\"tiled-gallery__col\" style=\"flex-basis:50.00000%\"><figure class=\"tiled-gallery__item\"><a href=\"https:\/\/yas31.com\/wp-content\/uploads\/2025\/06\/mclaren-750s-le-mans-edition-07-1024x682.jpg\"><img decoding=\"async\" srcset=\"https:\/\/i0.wp.com\/yas31.com\/wp-content\/uploads\/2025\/06\/mclaren-750s-le-mans-edition-07-1024x682.jpg?strip=info&#038;w=600&#038;ssl=1 600w,https:\/\/i0.wp.com\/yas31.com\/wp-content\/uploads\/2025\/06\/mclaren-750s-le-mans-edition-07-1024x682.jpg?strip=info&#038;w=900&#038;ssl=1 900w,https:\/\/i0.wp.com\/yas31.com\/wp-content\/uploads\/2025\/06\/mclaren-750s-le-mans-edition-07-1024x682.jpg?strip=info&#038;w=1200&#038;ssl=1 1200w,https:\/\/i0.wp.com\/yas31.com\/wp-content\/uploads\/2025\/06\/mclaren-750s-le-mans-edition-07-1024x682.jpg?strip=info&#038;w=1280&#038;ssl=1 1280w\" alt=\"\" data-height=\"853\" data-id=\"49300\" data-link=\"https:\/\/yas31.com\/?attachment_id=49300\" data-url=\"https:\/\/yas31.com\/wp-content\/uploads\/2025\/06\/mclaren-750s-le-mans-edition-07-1024x682.jpg\" data-width=\"1280\" src=\"https:\/\/i0.wp.com\/yas31.com\/wp-content\/uploads\/2025\/06\/mclaren-750s-le-mans-edition-07-1024x682.jpg?ssl=1\" data-amp-layout=\"responsive\"\/><\/a><\/figure><\/div><div class=\"tiled-gallery__col\" style=\"flex-basis:50.00000%\"><figure class=\"tiled-gallery__item\"><a href=\"https:\/\/yas31.com\/wp-content\/uploads\/2025\/06\/mclaren-750s-le-mans-edition-08-1024x682.jpg\"><img decoding=\"async\" srcset=\"https:\/\/i0.wp.com\/yas31.com\/wp-content\/uploads\/2025\/06\/mclaren-750s-le-mans-edition-08-1024x682.jpg?strip=info&#038;w=600&#038;ssl=1 600w,https:\/\/i0.wp.com\/yas31.com\/wp-content\/uploads\/2025\/06\/mclaren-750s-le-mans-edition-08-1024x682.jpg?strip=info&#038;w=900&#038;ssl=1 900w,https:\/\/i0.wp.com\/yas31.com\/wp-content\/uploads\/2025\/06\/mclaren-750s-le-mans-edition-08-1024x682.jpg?strip=info&#038;w=1200&#038;ssl=1 1200w,https:\/\/i0.wp.com\/yas31.com\/wp-content\/uploads\/2025\/06\/mclaren-750s-le-mans-edition-08-1024x682.jpg?strip=info&#038;w=1280&#038;ssl=1 1280w\" alt=\"\" data-height=\"853\" data-id=\"49299\" data-link=\"https:\/\/yas31.com\/?attachment_id=49299\" data-url=\"https:\/\/yas31.com\/wp-content\/uploads\/2025\/06\/mclaren-750s-le-mans-edition-08-1024x682.jpg\" data-width=\"1280\" src=\"https:\/\/i0.wp.com\/yas31.com\/wp-content\/uploads\/2025\/06\/mclaren-750s-le-mans-edition-08-1024x682.jpg?ssl=1\" data-amp-layout=\"responsive\"\/><\/a><\/figure><\/div><\/div><\/div><\/div><\/div>\n","protected":false},"excerpt":{"rendered":"<p>Tr\u00eas d\u00e9cadas ap\u00f3s conquistar uma das vit\u00f3rias mais emblem\u00e1ticas da hist\u00f3ria das 24 Horas de Le Mans, a McLaren retorna \u00e0s pistas da mem\u00f3ria com um tributo \u00e0 altura: o 750S Le Mans Edition. Limitado a apenas 50 unidades no mundo, o modelo homenageia o lend\u00e1rio F1 GTR #59, que cravou seu nome na hist\u00f3ria da endurance em 1995 com Lehto, Dalmas e Sekiya no cockpit. Baseado no supercarro 750S, o modelo ganha exclusividade est\u00e9tica e aerodin\u00e2mica com o pacote MSO High Downforce Kit (HDK), que adiciona 10% a mais de downforce gra\u00e7as ao spoiler traseiro elevado, splitter frontal ampliado [&hellip;]<\/p>\n","protected":false},"author":1,"featured_media":50898,"comment_status":"open","ping_status":"open","sticky":false,"template":"","format":"standard","meta":{"_jetpack_newsletter_access":"","_jetpack_dont_email_post_to_subs":false,"_jetpack_newsletter_tier_id":0,"_jetpack_memberships_contains_paywalled_content":false,"_jetpack_feature_clip_id":0,"_jetpack_memberships_contains_paid_content":false,"footnotes":"","jetpack_post_was_ever_published":false},"categories":[59],"tags":[1010],"class_list":["post-49294","post","type-post","status-publish","format-standard","has-post-thumbnail","hentry","category-automoveis","tag-mclaren","post--single"],"jetpack_featured_media_url":"https:\/\/yas31.com\/wp-content\/uploads\/2025\/09\/@diegoruahn-49-1.jpg","jetpack_sharing_enabled":true,"_links":{"self":[{"href":"https:\/\/yas31.com\/index.php?rest_route=\/wp\/v2\/posts\/49294","targetHints":{"allow":["GET"]}}],"collection":[{"href":"https:\/\/yas31.com\/index.php?rest_route=\/wp\/v2\/posts"}],"about":[{"href":"https:\/\/yas31.com\/index.php?rest_route=\/wp\/v2\/types\/post"}],"author":[{"embeddable":true,"href":"https:\/\/yas31.com\/index.php?rest_route=\/wp\/v2\/users\/1"}],"replies":[{"embeddable":true,"href":"https:\/\/yas31.com\/index.php?rest_route=%2Fwp%2Fv2%2Fcomments&post=49294"}],"version-history":[{"count":0,"href":"https:\/\/yas31.com\/index.php?rest_route=\/wp\/v2\/posts\/49294\/revisions"}],"wp:featuredmedia":[{"embeddable":true,"href":"https:\/\/yas31.com\/index.php?rest_route=\/wp\/v2\/media\/50898"}],"wp:attachment":[{"href":"https:\/\/yas31.com\/index.php?rest_route=%2Fwp%2Fv2%2Fmedia&parent=49294"}],"wp:term":[{"taxonomy":"category","embeddable":true,"href":"https:\/\/yas31.com\/index.php?rest_route=%2Fwp%2Fv2%2Fcategories&post=49294"},{"taxonomy":"post_tag","embeddable":true,"href":"https:\/\/yas31.com\/index.php?rest_route=%2Fwp%2Fv2%2Ftags&post=49294"}],"curies":[{"name":"wp","href":"https:\/\/api.w.org\/{rel}","templated":true}]}}