{"id":48647,"date":"2025-05-27T19:58:17","date_gmt":"2025-05-27T22:58:17","guid":{"rendered":"https:\/\/yas31.com\/?p=48647"},"modified":"2025-05-27T19:58:17","modified_gmt":"2025-05-27T22:58:17","slug":"bmw-concept-speedtop-uma-escultura-sobre-rodas-com-alma-de-grand-tourer","status":"publish","type":"post","link":"https:\/\/yas31.com\/?p=48647","title":{"rendered":"BMW Concept Speedtop: uma escultura sobre rodas com alma de Grand Tourer"},"content":{"rendered":"\n<p class=\"wp-block-paragraph\">No majestoso cen\u00e1rio de Villa d\u2019Este, \u00e0s margens do Lago de Como, a <strong><span style=\"text-decoration: underline;\"><a href=\"https:\/\/hypemood.com.br\/tag\/BMW\/\">BMW<\/a><\/span><\/strong> apresentou sua mais nova obra de arte automotiva: o <strong>Concept Speedtop<\/strong>. Um grand tourer com alma de <em>shooting brake<\/em>, est\u00e9tica de carro-escultura e <em>performance<\/em> de superesportivo, o modelo foi a estrela do Concorso d\u2019Eleganza 2025 \u2014 e sinaliza o futuro de luxo e pot\u00eancia para os f\u00e3s da marca b\u00e1vara.<\/p>\n\n\n\n<h4 class=\"wp-block-heading\"><strong>Um novo cap\u00edtulo ap\u00f3s o Skytop<\/strong><\/h4>\n\n\n\n<p class=\"wp-block-paragraph\">Se o <strong>Concept Skytop<\/strong> de 2024 evocava roadsters de luxo com esp\u00edrito livre, o <strong>Speedtop<\/strong> \u00e9 sua evolu\u00e7\u00e3o mais robusta e refinada. Trata-se de um <strong>cup\u00ea de tr\u00eas portas<\/strong>, com design escultural, detalhes artesanais e uma abordagem que une a tradi\u00e7\u00e3o dos <strong><em>coachbuilders<\/em><\/strong> europeus \u00e0 engenharia alem\u00e3 contempor\u00e2nea.<\/p>\n\n\n\n<p class=\"wp-block-paragraph\">Seu visual impressiona pela <strong>silhueta alongada, frente em formato de nariz de tubar\u00e3o em \u201cV\u201d<\/strong>, far\u00f3is integrados de forma quase impercept\u00edvel e uma pintura que parece viva: o teto apresenta um <strong>degrad\u00ea que vai do \u201cFloating Sunstone Maroon\u201d ao \u201cFloating Sundown Silver\u201d<\/strong>, continuando no cap\u00f4 e refletido tamb\u00e9m no interior.<\/p>\n\n\n\n<h4 class=\"wp-block-heading\"><strong>Interior que respira artesanato<\/strong><\/h4>\n\n\n\n<p class=\"wp-block-paragraph\">O cockpit \u00e9 um espet\u00e1culo \u00e0 parte. A BMW aplicou <strong>couro brogue bicolor \u2014 \u201cSundown Maroon\u201d e \u201cMoonstone White\u201d \u2014 com costuras artesanais<\/strong> que evocam o universo da alta marroquinaria. Um conjunto de malas da tradicional italiana <strong>Schedoni<\/strong> (a mesma que fornece para marcas como Ferrari) repousa em compartimentos feitos sob medida no porta-malas, elevando o conceito de viagem de luxo a outro patamar.<\/p>\n\n\n\n<h4 class=\"wp-block-heading\"><strong>Pot\u00eancia com pedigree b\u00e1varo<\/strong><\/h4>\n\n\n\n<p class=\"wp-block-paragraph\">Sob o cap\u00f4, o Speedtop deve abrigar o <strong>V8 mais potente da hist\u00f3ria da BMW<\/strong>, provavelmente uma varia\u00e7\u00e3o do 4.4 litros biturbo de 617 cv usado no Skytop. A montadora ainda n\u00e3o revelou os n\u00fameros finais, mas o foco aqui \u00e9 claro: <strong>entregar conforto absoluto em longas dist\u00e2ncias sem abrir m\u00e3o da for\u00e7a bruta que define um verdadeiro GT.<\/strong><\/p>\n\n\n\n<h4 class=\"wp-block-heading\"><strong>Edi\u00e7\u00e3o limitada a 70 unidades<\/strong><\/h4>\n\n\n\n<p class=\"wp-block-paragraph\">Diferente de outros concepts que ficam apenas nos sal\u00f5es, o <strong>Speedtop ter\u00e1 produ\u00e7\u00e3o limitada a apenas 70 exemplares<\/strong>. Cada unidade ser\u00e1 <strong>montada artesanalmente<\/strong>, o que refor\u00e7a sua voca\u00e7\u00e3o de objeto de desejo para colecionadores e entusiastas.<\/p>\n\n\n\n<h4 class=\"wp-block-heading\"><strong>Uma BMW para quem prefere escapar do barulho<\/strong><\/h4>\n\n\n\n<p class=\"wp-block-paragraph\">Enquanto muitos esportivos hoje apostam em linhas agressivas e est\u00e9tica maximalista, o Concept Speedtop adota o caminho da <strong>eleg\u00e2ncia silenciosa<\/strong>. \u00c9 um carro feito para quem valoriza design atemporal, pot\u00eancia sob controle e o prazer de viajar por horas \u2014 ou dias \u2014 com classe, performance e exclusividade.<\/p>\n\n\n\n<p class=\"wp-block-paragraph\"><strong>O Speedtop n\u00e3o \u00e9 s\u00f3 um carro, \u00e9 uma declara\u00e7\u00e3o.<\/strong> Uma s\u00edntese do que a BMW sabe fazer de melhor: unir forma e fun\u00e7\u00e3o, engenharia e emo\u00e7\u00e3o, precis\u00e3o e paix\u00e3o.<\/p>\n\n\n\n<div class=\"wp-block-jetpack-tiled-gallery aligncenter is-style-rectangular\"><div class=\"\"><div class=\"tiled-gallery__gallery\"><div class=\"tiled-gallery__row\"><div class=\"tiled-gallery__col\" style=\"flex-basis:66.76552%\"><figure class=\"tiled-gallery__item\"><a href=\"https:\/\/yas31.com\/wp-content\/uploads\/2025\/05\/bmw-concept-speedtop-villa-deste-01-1024x682.jpg\"><img decoding=\"async\" srcset=\"https:\/\/i0.wp.com\/yas31.com\/wp-content\/uploads\/2025\/05\/bmw-concept-speedtop-villa-deste-01-1024x682.jpg?strip=info&#038;w=600&#038;ssl=1 600w,https:\/\/i0.wp.com\/yas31.com\/wp-content\/uploads\/2025\/05\/bmw-concept-speedtop-villa-deste-01-1024x682.jpg?strip=info&#038;w=900&#038;ssl=1 900w,https:\/\/i0.wp.com\/yas31.com\/wp-content\/uploads\/2025\/05\/bmw-concept-speedtop-villa-deste-01-1024x682.jpg?strip=info&#038;w=1200&#038;ssl=1 1200w,https:\/\/i0.wp.com\/yas31.com\/wp-content\/uploads\/2025\/05\/bmw-concept-speedtop-villa-deste-01-1024x682.jpg?strip=info&#038;w=1280&#038;ssl=1 1280w\" alt=\"\" data-height=\"853\" data-id=\"48648\" data-link=\"https:\/\/yas31.com\/?attachment_id=48648\" data-url=\"https:\/\/yas31.com\/wp-content\/uploads\/2025\/05\/bmw-concept-speedtop-villa-deste-01-1024x682.jpg\" data-width=\"1280\" src=\"https:\/\/i0.wp.com\/yas31.com\/wp-content\/uploads\/2025\/05\/bmw-concept-speedtop-villa-deste-01-1024x682.jpg?ssl=1\" data-amp-layout=\"responsive\"\/><\/a><\/figure><\/div><div class=\"tiled-gallery__col\" style=\"flex-basis:33.23448%\"><figure class=\"tiled-gallery__item\"><a href=\"https:\/\/yas31.com\/wp-content\/uploads\/2025\/05\/bmw-concept-speedtop-villa-deste-02-1024x682.jpg\"><img decoding=\"async\" srcset=\"https:\/\/i0.wp.com\/yas31.com\/wp-content\/uploads\/2025\/05\/bmw-concept-speedtop-villa-deste-02-1024x682.jpg?strip=info&#038;w=600&#038;ssl=1 600w,https:\/\/i0.wp.com\/yas31.com\/wp-content\/uploads\/2025\/05\/bmw-concept-speedtop-villa-deste-02-1024x682.jpg?strip=info&#038;w=900&#038;ssl=1 900w,https:\/\/i0.wp.com\/yas31.com\/wp-content\/uploads\/2025\/05\/bmw-concept-speedtop-villa-deste-02-1024x682.jpg?strip=info&#038;w=1200&#038;ssl=1 1200w,https:\/\/i0.wp.com\/yas31.com\/wp-content\/uploads\/2025\/05\/bmw-concept-speedtop-villa-deste-02-1024x682.jpg?strip=info&#038;w=1280&#038;ssl=1 1280w\" alt=\"\" data-height=\"853\" data-id=\"48653\" data-link=\"https:\/\/yas31.com\/?attachment_id=48653\" data-url=\"https:\/\/yas31.com\/wp-content\/uploads\/2025\/05\/bmw-concept-speedtop-villa-deste-02-1024x682.jpg\" data-width=\"1280\" src=\"https:\/\/i0.wp.com\/yas31.com\/wp-content\/uploads\/2025\/05\/bmw-concept-speedtop-villa-deste-02-1024x682.jpg?ssl=1\" data-amp-layout=\"responsive\"\/><\/a><\/figure><figure class=\"tiled-gallery__item\"><a href=\"https:\/\/yas31.com\/wp-content\/uploads\/2025\/05\/bmw-concept-speedtop-villa-deste-03-1024x682.jpg\"><img decoding=\"async\" srcset=\"https:\/\/i0.wp.com\/yas31.com\/wp-content\/uploads\/2025\/05\/bmw-concept-speedtop-villa-deste-03-1024x682.jpg?strip=info&#038;w=600&#038;ssl=1 600w,https:\/\/i0.wp.com\/yas31.com\/wp-content\/uploads\/2025\/05\/bmw-concept-speedtop-villa-deste-03-1024x682.jpg?strip=info&#038;w=900&#038;ssl=1 900w,https:\/\/i0.wp.com\/yas31.com\/wp-content\/uploads\/2025\/05\/bmw-concept-speedtop-villa-deste-03-1024x682.jpg?strip=info&#038;w=1200&#038;ssl=1 1200w,https:\/\/i0.wp.com\/yas31.com\/wp-content\/uploads\/2025\/05\/bmw-concept-speedtop-villa-deste-03-1024x682.jpg?strip=info&#038;w=1280&#038;ssl=1 1280w\" alt=\"\" data-height=\"853\" data-id=\"48662\" data-link=\"https:\/\/yas31.com\/?attachment_id=48662\" data-url=\"https:\/\/yas31.com\/wp-content\/uploads\/2025\/05\/bmw-concept-speedtop-villa-deste-03-1024x682.jpg\" data-width=\"1280\" src=\"https:\/\/i0.wp.com\/yas31.com\/wp-content\/uploads\/2025\/05\/bmw-concept-speedtop-villa-deste-03-1024x682.jpg?ssl=1\" data-amp-layout=\"responsive\"\/><\/a><\/figure><\/div><\/div><div class=\"tiled-gallery__row\"><div class=\"tiled-gallery__col\" style=\"flex-basis:33.33333%\"><figure class=\"tiled-gallery__item\"><a href=\"https:\/\/yas31.com\/wp-content\/uploads\/2025\/05\/bmw-concept-speedtop-villa-deste-04-1024x682.jpg\"><img decoding=\"async\" srcset=\"https:\/\/i0.wp.com\/yas31.com\/wp-content\/uploads\/2025\/05\/bmw-concept-speedtop-villa-deste-04-1024x682.jpg?strip=info&#038;w=600&#038;ssl=1 600w,https:\/\/i0.wp.com\/yas31.com\/wp-content\/uploads\/2025\/05\/bmw-concept-speedtop-villa-deste-04-1024x682.jpg?strip=info&#038;w=900&#038;ssl=1 900w,https:\/\/i0.wp.com\/yas31.com\/wp-content\/uploads\/2025\/05\/bmw-concept-speedtop-villa-deste-04-1024x682.jpg?strip=info&#038;w=1200&#038;ssl=1 1200w,https:\/\/i0.wp.com\/yas31.com\/wp-content\/uploads\/2025\/05\/bmw-concept-speedtop-villa-deste-04-1024x682.jpg?strip=info&#038;w=1280&#038;ssl=1 1280w\" alt=\"\" data-height=\"853\" data-id=\"48651\" data-link=\"https:\/\/yas31.com\/?attachment_id=48651\" data-url=\"https:\/\/yas31.com\/wp-content\/uploads\/2025\/05\/bmw-concept-speedtop-villa-deste-04-1024x682.jpg\" data-width=\"1280\" src=\"https:\/\/i0.wp.com\/yas31.com\/wp-content\/uploads\/2025\/05\/bmw-concept-speedtop-villa-deste-04-1024x682.jpg?ssl=1\" data-amp-layout=\"responsive\"\/><\/a><\/figure><\/div><div class=\"tiled-gallery__col\" style=\"flex-basis:33.33333%\"><figure class=\"tiled-gallery__item\"><a href=\"https:\/\/yas31.com\/wp-content\/uploads\/2025\/05\/bmw-concept-speedtop-villa-deste-05-1024x682.jpg\"><img decoding=\"async\" srcset=\"https:\/\/i0.wp.com\/yas31.com\/wp-content\/uploads\/2025\/05\/bmw-concept-speedtop-villa-deste-05-1024x682.jpg?strip=info&#038;w=600&#038;ssl=1 600w,https:\/\/i0.wp.com\/yas31.com\/wp-content\/uploads\/2025\/05\/bmw-concept-speedtop-villa-deste-05-1024x682.jpg?strip=info&#038;w=900&#038;ssl=1 900w,https:\/\/i0.wp.com\/yas31.com\/wp-content\/uploads\/2025\/05\/bmw-concept-speedtop-villa-deste-05-1024x682.jpg?strip=info&#038;w=1200&#038;ssl=1 1200w,https:\/\/i0.wp.com\/yas31.com\/wp-content\/uploads\/2025\/05\/bmw-concept-speedtop-villa-deste-05-1024x682.jpg?strip=info&#038;w=1280&#038;ssl=1 1280w\" alt=\"\" data-height=\"853\" data-id=\"48659\" data-link=\"https:\/\/yas31.com\/?attachment_id=48659\" data-url=\"https:\/\/yas31.com\/wp-content\/uploads\/2025\/05\/bmw-concept-speedtop-villa-deste-05-1024x682.jpg\" data-width=\"1280\" src=\"https:\/\/i0.wp.com\/yas31.com\/wp-content\/uploads\/2025\/05\/bmw-concept-speedtop-villa-deste-05-1024x682.jpg?ssl=1\" data-amp-layout=\"responsive\"\/><\/a><\/figure><\/div><div class=\"tiled-gallery__col\" style=\"flex-basis:33.33333%\"><figure class=\"tiled-gallery__item\"><a href=\"https:\/\/yas31.com\/wp-content\/uploads\/2025\/05\/bmw-concept-speedtop-villa-deste-06-1024x682.jpg\"><img decoding=\"async\" srcset=\"https:\/\/i0.wp.com\/yas31.com\/wp-content\/uploads\/2025\/05\/bmw-concept-speedtop-villa-deste-06-1024x682.jpg?strip=info&#038;w=600&#038;ssl=1 600w,https:\/\/i0.wp.com\/yas31.com\/wp-content\/uploads\/2025\/05\/bmw-concept-speedtop-villa-deste-06-1024x682.jpg?strip=info&#038;w=900&#038;ssl=1 900w,https:\/\/i0.wp.com\/yas31.com\/wp-content\/uploads\/2025\/05\/bmw-concept-speedtop-villa-deste-06-1024x682.jpg?strip=info&#038;w=1200&#038;ssl=1 1200w,https:\/\/i0.wp.com\/yas31.com\/wp-content\/uploads\/2025\/05\/bmw-concept-speedtop-villa-deste-06-1024x682.jpg?strip=info&#038;w=1280&#038;ssl=1 1280w\" alt=\"\" data-height=\"853\" data-id=\"48654\" data-link=\"https:\/\/yas31.com\/?attachment_id=48654\" data-url=\"https:\/\/yas31.com\/wp-content\/uploads\/2025\/05\/bmw-concept-speedtop-villa-deste-06-1024x682.jpg\" data-width=\"1280\" src=\"https:\/\/i0.wp.com\/yas31.com\/wp-content\/uploads\/2025\/05\/bmw-concept-speedtop-villa-deste-06-1024x682.jpg?ssl=1\" data-amp-layout=\"responsive\"\/><\/a><\/figure><\/div><\/div><div class=\"tiled-gallery__row\"><div class=\"tiled-gallery__col\" style=\"flex-basis:33.23448%\"><figure class=\"tiled-gallery__item\"><a href=\"https:\/\/yas31.com\/wp-content\/uploads\/2025\/05\/bmw-concept-speedtop-villa-deste-07-1024x682.jpg\"><img decoding=\"async\" srcset=\"https:\/\/i0.wp.com\/yas31.com\/wp-content\/uploads\/2025\/05\/bmw-concept-speedtop-villa-deste-07-1024x682.jpg?strip=info&#038;w=600&#038;ssl=1 600w,https:\/\/i0.wp.com\/yas31.com\/wp-content\/uploads\/2025\/05\/bmw-concept-speedtop-villa-deste-07-1024x682.jpg?strip=info&#038;w=900&#038;ssl=1 900w,https:\/\/i0.wp.com\/yas31.com\/wp-content\/uploads\/2025\/05\/bmw-concept-speedtop-villa-deste-07-1024x682.jpg?strip=info&#038;w=1200&#038;ssl=1 1200w,https:\/\/i0.wp.com\/yas31.com\/wp-content\/uploads\/2025\/05\/bmw-concept-speedtop-villa-deste-07-1024x682.jpg?strip=info&#038;w=1280&#038;ssl=1 1280w\" alt=\"\" data-height=\"853\" data-id=\"48660\" data-link=\"https:\/\/yas31.com\/?attachment_id=48660\" data-url=\"https:\/\/yas31.com\/wp-content\/uploads\/2025\/05\/bmw-concept-speedtop-villa-deste-07-1024x682.jpg\" data-width=\"1280\" src=\"https:\/\/i0.wp.com\/yas31.com\/wp-content\/uploads\/2025\/05\/bmw-concept-speedtop-villa-deste-07-1024x682.jpg?ssl=1\" data-amp-layout=\"responsive\"\/><\/a><\/figure><figure class=\"tiled-gallery__item\"><a href=\"https:\/\/yas31.com\/wp-content\/uploads\/2025\/05\/bmw-concept-speedtop-villa-deste-08-1024x682.jpg\"><img decoding=\"async\" srcset=\"https:\/\/i0.wp.com\/yas31.com\/wp-content\/uploads\/2025\/05\/bmw-concept-speedtop-villa-deste-08-1024x682.jpg?strip=info&#038;w=600&#038;ssl=1 600w,https:\/\/i0.wp.com\/yas31.com\/wp-content\/uploads\/2025\/05\/bmw-concept-speedtop-villa-deste-08-1024x682.jpg?strip=info&#038;w=900&#038;ssl=1 900w,https:\/\/i0.wp.com\/yas31.com\/wp-content\/uploads\/2025\/05\/bmw-concept-speedtop-villa-deste-08-1024x682.jpg?strip=info&#038;w=1200&#038;ssl=1 1200w,https:\/\/i0.wp.com\/yas31.com\/wp-content\/uploads\/2025\/05\/bmw-concept-speedtop-villa-deste-08-1024x682.jpg?strip=info&#038;w=1280&#038;ssl=1 1280w\" alt=\"\" data-height=\"853\" data-id=\"48663\" data-link=\"https:\/\/yas31.com\/?attachment_id=48663\" data-url=\"https:\/\/yas31.com\/wp-content\/uploads\/2025\/05\/bmw-concept-speedtop-villa-deste-08-1024x682.jpg\" data-width=\"1280\" src=\"https:\/\/i0.wp.com\/yas31.com\/wp-content\/uploads\/2025\/05\/bmw-concept-speedtop-villa-deste-08-1024x682.jpg?ssl=1\" data-amp-layout=\"responsive\"\/><\/a><\/figure><\/div><div class=\"tiled-gallery__col\" style=\"flex-basis:66.76552%\"><figure class=\"tiled-gallery__item\"><a href=\"https:\/\/yas31.com\/wp-content\/uploads\/2025\/05\/bmw-concept-speedtop-villa-deste-09-1024x682.jpg\"><img decoding=\"async\" srcset=\"https:\/\/i0.wp.com\/yas31.com\/wp-content\/uploads\/2025\/05\/bmw-concept-speedtop-villa-deste-09-1024x682.jpg?strip=info&#038;w=600&#038;ssl=1 600w,https:\/\/i0.wp.com\/yas31.com\/wp-content\/uploads\/2025\/05\/bmw-concept-speedtop-villa-deste-09-1024x682.jpg?strip=info&#038;w=900&#038;ssl=1 900w,https:\/\/i0.wp.com\/yas31.com\/wp-content\/uploads\/2025\/05\/bmw-concept-speedtop-villa-deste-09-1024x682.jpg?strip=info&#038;w=1200&#038;ssl=1 1200w,https:\/\/i0.wp.com\/yas31.com\/wp-content\/uploads\/2025\/05\/bmw-concept-speedtop-villa-deste-09-1024x682.jpg?strip=info&#038;w=1280&#038;ssl=1 1280w\" alt=\"\" data-height=\"853\" data-id=\"48657\" data-link=\"https:\/\/yas31.com\/?attachment_id=48657\" data-url=\"https:\/\/yas31.com\/wp-content\/uploads\/2025\/05\/bmw-concept-speedtop-villa-deste-09-1024x682.jpg\" data-width=\"1280\" src=\"https:\/\/i0.wp.com\/yas31.com\/wp-content\/uploads\/2025\/05\/bmw-concept-speedtop-villa-deste-09-1024x682.jpg?ssl=1\" data-amp-layout=\"responsive\"\/><\/a><\/figure><\/div><\/div><div class=\"tiled-gallery__row\"><div class=\"tiled-gallery__col\" style=\"flex-basis:50.00000%\"><figure class=\"tiled-gallery__item\"><a href=\"https:\/\/yas31.com\/wp-content\/uploads\/2025\/05\/bmw-concept-speedtop-villa-deste-10-1024x682.jpg\"><img decoding=\"async\" srcset=\"https:\/\/i0.wp.com\/yas31.com\/wp-content\/uploads\/2025\/05\/bmw-concept-speedtop-villa-deste-10-1024x682.jpg?strip=info&#038;w=600&#038;ssl=1 600w,https:\/\/i0.wp.com\/yas31.com\/wp-content\/uploads\/2025\/05\/bmw-concept-speedtop-villa-deste-10-1024x682.jpg?strip=info&#038;w=900&#038;ssl=1 900w,https:\/\/i0.wp.com\/yas31.com\/wp-content\/uploads\/2025\/05\/bmw-concept-speedtop-villa-deste-10-1024x682.jpg?strip=info&#038;w=1200&#038;ssl=1 1200w,https:\/\/i0.wp.com\/yas31.com\/wp-content\/uploads\/2025\/05\/bmw-concept-speedtop-villa-deste-10-1024x682.jpg?strip=info&#038;w=1280&#038;ssl=1 1280w\" alt=\"\" data-height=\"853\" data-id=\"48649\" data-link=\"https:\/\/yas31.com\/?attachment_id=48649\" data-url=\"https:\/\/yas31.com\/wp-content\/uploads\/2025\/05\/bmw-concept-speedtop-villa-deste-10-1024x682.jpg\" data-width=\"1280\" src=\"https:\/\/i0.wp.com\/yas31.com\/wp-content\/uploads\/2025\/05\/bmw-concept-speedtop-villa-deste-10-1024x682.jpg?ssl=1\" data-amp-layout=\"responsive\"\/><\/a><\/figure><\/div><div class=\"tiled-gallery__col\" style=\"flex-basis:50.00000%\"><figure class=\"tiled-gallery__item\"><a href=\"https:\/\/yas31.com\/wp-content\/uploads\/2025\/05\/bmw-concept-speedtop-villa-deste-11-1024x682.jpg\"><img decoding=\"async\" srcset=\"https:\/\/i0.wp.com\/yas31.com\/wp-content\/uploads\/2025\/05\/bmw-concept-speedtop-villa-deste-11-1024x682.jpg?strip=info&#038;w=600&#038;ssl=1 600w,https:\/\/i0.wp.com\/yas31.com\/wp-content\/uploads\/2025\/05\/bmw-concept-speedtop-villa-deste-11-1024x682.jpg?strip=info&#038;w=900&#038;ssl=1 900w,https:\/\/i0.wp.com\/yas31.com\/wp-content\/uploads\/2025\/05\/bmw-concept-speedtop-villa-deste-11-1024x682.jpg?strip=info&#038;w=1200&#038;ssl=1 1200w,https:\/\/i0.wp.com\/yas31.com\/wp-content\/uploads\/2025\/05\/bmw-concept-speedtop-villa-deste-11-1024x682.jpg?strip=info&#038;w=1280&#038;ssl=1 1280w\" alt=\"\" data-height=\"853\" data-id=\"48650\" data-link=\"https:\/\/yas31.com\/?attachment_id=48650\" data-url=\"https:\/\/yas31.com\/wp-content\/uploads\/2025\/05\/bmw-concept-speedtop-villa-deste-11-1024x682.jpg\" data-width=\"1280\" src=\"https:\/\/i0.wp.com\/yas31.com\/wp-content\/uploads\/2025\/05\/bmw-concept-speedtop-villa-deste-11-1024x682.jpg?ssl=1\" data-amp-layout=\"responsive\"\/><\/a><\/figure><\/div><\/div><div class=\"tiled-gallery__row\"><div class=\"tiled-gallery__col\" style=\"flex-basis:66.76552%\"><figure class=\"tiled-gallery__item\"><a href=\"https:\/\/yas31.com\/wp-content\/uploads\/2025\/05\/bmw-concept-speedtop-villa-deste-12-1024x682.jpg\"><img decoding=\"async\" srcset=\"https:\/\/i0.wp.com\/yas31.com\/wp-content\/uploads\/2025\/05\/bmw-concept-speedtop-villa-deste-12-1024x682.jpg?strip=info&#038;w=600&#038;ssl=1 600w,https:\/\/i0.wp.com\/yas31.com\/wp-content\/uploads\/2025\/05\/bmw-concept-speedtop-villa-deste-12-1024x682.jpg?strip=info&#038;w=900&#038;ssl=1 900w,https:\/\/i0.wp.com\/yas31.com\/wp-content\/uploads\/2025\/05\/bmw-concept-speedtop-villa-deste-12-1024x682.jpg?strip=info&#038;w=1200&#038;ssl=1 1200w,https:\/\/i0.wp.com\/yas31.com\/wp-content\/uploads\/2025\/05\/bmw-concept-speedtop-villa-deste-12-1024x682.jpg?strip=info&#038;w=1280&#038;ssl=1 1280w\" alt=\"\" data-height=\"853\" data-id=\"48652\" data-link=\"https:\/\/yas31.com\/?attachment_id=48652\" data-url=\"https:\/\/yas31.com\/wp-content\/uploads\/2025\/05\/bmw-concept-speedtop-villa-deste-12-1024x682.jpg\" data-width=\"1280\" src=\"https:\/\/i0.wp.com\/yas31.com\/wp-content\/uploads\/2025\/05\/bmw-concept-speedtop-villa-deste-12-1024x682.jpg?ssl=1\" data-amp-layout=\"responsive\"\/><\/a><\/figure><\/div><div class=\"tiled-gallery__col\" style=\"flex-basis:33.23448%\"><figure class=\"tiled-gallery__item\"><a href=\"https:\/\/yas31.com\/wp-content\/uploads\/2025\/05\/bmw-concept-speedtop-villa-deste-13-1024x682.jpg\"><img decoding=\"async\" srcset=\"https:\/\/i0.wp.com\/yas31.com\/wp-content\/uploads\/2025\/05\/bmw-concept-speedtop-villa-deste-13-1024x682.jpg?strip=info&#038;w=600&#038;ssl=1 600w,https:\/\/i0.wp.com\/yas31.com\/wp-content\/uploads\/2025\/05\/bmw-concept-speedtop-villa-deste-13-1024x682.jpg?strip=info&#038;w=900&#038;ssl=1 900w,https:\/\/i0.wp.com\/yas31.com\/wp-content\/uploads\/2025\/05\/bmw-concept-speedtop-villa-deste-13-1024x682.jpg?strip=info&#038;w=1200&#038;ssl=1 1200w,https:\/\/i0.wp.com\/yas31.com\/wp-content\/uploads\/2025\/05\/bmw-concept-speedtop-villa-deste-13-1024x682.jpg?strip=info&#038;w=1280&#038;ssl=1 1280w\" alt=\"\" data-height=\"853\" data-id=\"48655\" data-link=\"https:\/\/yas31.com\/?attachment_id=48655\" data-url=\"https:\/\/yas31.com\/wp-content\/uploads\/2025\/05\/bmw-concept-speedtop-villa-deste-13-1024x682.jpg\" data-width=\"1280\" src=\"https:\/\/i0.wp.com\/yas31.com\/wp-content\/uploads\/2025\/05\/bmw-concept-speedtop-villa-deste-13-1024x682.jpg?ssl=1\" data-amp-layout=\"responsive\"\/><\/a><\/figure><figure class=\"tiled-gallery__item\"><a href=\"https:\/\/yas31.com\/wp-content\/uploads\/2025\/05\/bmw-concept-speedtop-villa-deste-14-1024x682.jpg\"><img decoding=\"async\" srcset=\"https:\/\/i0.wp.com\/yas31.com\/wp-content\/uploads\/2025\/05\/bmw-concept-speedtop-villa-deste-14-1024x682.jpg?strip=info&#038;w=600&#038;ssl=1 600w,https:\/\/i0.wp.com\/yas31.com\/wp-content\/uploads\/2025\/05\/bmw-concept-speedtop-villa-deste-14-1024x682.jpg?strip=info&#038;w=900&#038;ssl=1 900w,https:\/\/i0.wp.com\/yas31.com\/wp-content\/uploads\/2025\/05\/bmw-concept-speedtop-villa-deste-14-1024x682.jpg?strip=info&#038;w=1200&#038;ssl=1 1200w,https:\/\/i0.wp.com\/yas31.com\/wp-content\/uploads\/2025\/05\/bmw-concept-speedtop-villa-deste-14-1024x682.jpg?strip=info&#038;w=1280&#038;ssl=1 1280w\" alt=\"\" data-height=\"853\" data-id=\"48656\" data-link=\"https:\/\/yas31.com\/?attachment_id=48656\" data-url=\"https:\/\/yas31.com\/wp-content\/uploads\/2025\/05\/bmw-concept-speedtop-villa-deste-14-1024x682.jpg\" data-width=\"1280\" src=\"https:\/\/i0.wp.com\/yas31.com\/wp-content\/uploads\/2025\/05\/bmw-concept-speedtop-villa-deste-14-1024x682.jpg?ssl=1\" data-amp-layout=\"responsive\"\/><\/a><\/figure><\/div><\/div><div class=\"tiled-gallery__row\"><div class=\"tiled-gallery__col\" style=\"flex-basis:50.00000%\"><figure class=\"tiled-gallery__item\"><a href=\"https:\/\/yas31.com\/wp-content\/uploads\/2025\/05\/bmw-concept-speedtop-villa-deste-15-1024x682.jpg\"><img decoding=\"async\" srcset=\"https:\/\/i0.wp.com\/yas31.com\/wp-content\/uploads\/2025\/05\/bmw-concept-speedtop-villa-deste-15-1024x682.jpg?strip=info&#038;w=600&#038;ssl=1 600w,https:\/\/i0.wp.com\/yas31.com\/wp-content\/uploads\/2025\/05\/bmw-concept-speedtop-villa-deste-15-1024x682.jpg?strip=info&#038;w=900&#038;ssl=1 900w,https:\/\/i0.wp.com\/yas31.com\/wp-content\/uploads\/2025\/05\/bmw-concept-speedtop-villa-deste-15-1024x682.jpg?strip=info&#038;w=1200&#038;ssl=1 1200w,https:\/\/i0.wp.com\/yas31.com\/wp-content\/uploads\/2025\/05\/bmw-concept-speedtop-villa-deste-15-1024x682.jpg?strip=info&#038;w=1280&#038;ssl=1 1280w\" alt=\"\" data-height=\"853\" data-id=\"48658\" data-link=\"https:\/\/yas31.com\/?attachment_id=48658\" data-url=\"https:\/\/yas31.com\/wp-content\/uploads\/2025\/05\/bmw-concept-speedtop-villa-deste-15-1024x682.jpg\" data-width=\"1280\" src=\"https:\/\/i0.wp.com\/yas31.com\/wp-content\/uploads\/2025\/05\/bmw-concept-speedtop-villa-deste-15-1024x682.jpg?ssl=1\" data-amp-layout=\"responsive\"\/><\/a><\/figure><\/div><div class=\"tiled-gallery__col\" style=\"flex-basis:50.00000%\"><figure class=\"tiled-gallery__item\"><a href=\"https:\/\/yas31.com\/wp-content\/uploads\/2025\/05\/bmw-concept-speedtop-villa-deste-16-1024x682.jpg\"><img decoding=\"async\" srcset=\"https:\/\/i0.wp.com\/yas31.com\/wp-content\/uploads\/2025\/05\/bmw-concept-speedtop-villa-deste-16-1024x682.jpg?strip=info&#038;w=600&#038;ssl=1 600w,https:\/\/i0.wp.com\/yas31.com\/wp-content\/uploads\/2025\/05\/bmw-concept-speedtop-villa-deste-16-1024x682.jpg?strip=info&#038;w=900&#038;ssl=1 900w,https:\/\/i0.wp.com\/yas31.com\/wp-content\/uploads\/2025\/05\/bmw-concept-speedtop-villa-deste-16-1024x682.jpg?strip=info&#038;w=1200&#038;ssl=1 1200w,https:\/\/i0.wp.com\/yas31.com\/wp-content\/uploads\/2025\/05\/bmw-concept-speedtop-villa-deste-16-1024x682.jpg?strip=info&#038;w=1280&#038;ssl=1 1280w\" alt=\"\" data-height=\"853\" data-id=\"48661\" data-link=\"https:\/\/yas31.com\/?attachment_id=48661\" data-url=\"https:\/\/yas31.com\/wp-content\/uploads\/2025\/05\/bmw-concept-speedtop-villa-deste-16-1024x682.jpg\" data-width=\"1280\" src=\"https:\/\/i0.wp.com\/yas31.com\/wp-content\/uploads\/2025\/05\/bmw-concept-speedtop-villa-deste-16-1024x682.jpg?ssl=1\" data-amp-layout=\"responsive\"\/><\/a><\/figure><\/div><\/div><\/div><\/div><\/div>\n","protected":false},"excerpt":{"rendered":"<p>No majestoso cen\u00e1rio de Villa d\u2019Este, \u00e0s margens do Lago de Como, a BMW apresentou sua mais nova obra de arte automotiva: o Concept Speedtop. Um grand tourer com alma de shooting brake, est\u00e9tica de carro-escultura e performance de superesportivo, o modelo foi a estrela do Concorso d\u2019Eleganza 2025 \u2014 e sinaliza o futuro de luxo e pot\u00eancia para os f\u00e3s da marca b\u00e1vara. Um novo cap\u00edtulo ap\u00f3s o Skytop Se o Concept Skytop de 2024 evocava roadsters de luxo com esp\u00edrito livre, o Speedtop \u00e9 sua evolu\u00e7\u00e3o mais robusta e refinada. Trata-se de um cup\u00ea de tr\u00eas portas, com [&hellip;]<\/p>\n","protected":false},"author":1,"featured_media":51005,"comment_status":"open","ping_status":"open","sticky":false,"template":"","format":"standard","meta":{"_jetpack_newsletter_access":"","_jetpack_dont_email_post_to_subs":false,"_jetpack_newsletter_tier_id":0,"_jetpack_memberships_contains_paywalled_content":false,"_jetpack_feature_clip_id":0,"_jetpack_memberships_contains_paid_content":false,"footnotes":"","jetpack_post_was_ever_published":false},"categories":[59],"tags":[371],"class_list":["post-48647","post","type-post","status-publish","format-standard","has-post-thumbnail","hentry","category-automoveis","tag-bmw","post--single"],"jetpack_featured_media_url":"https:\/\/yas31.com\/wp-content\/uploads\/2025\/09\/@diegoruahn-60.jpg","jetpack_sharing_enabled":true,"_links":{"self":[{"href":"https:\/\/yas31.com\/index.php?rest_route=\/wp\/v2\/posts\/48647","targetHints":{"allow":["GET"]}}],"collection":[{"href":"https:\/\/yas31.com\/index.php?rest_route=\/wp\/v2\/posts"}],"about":[{"href":"https:\/\/yas31.com\/index.php?rest_route=\/wp\/v2\/types\/post"}],"author":[{"embeddable":true,"href":"https:\/\/yas31.com\/index.php?rest_route=\/wp\/v2\/users\/1"}],"replies":[{"embeddable":true,"href":"https:\/\/yas31.com\/index.php?rest_route=%2Fwp%2Fv2%2Fcomments&post=48647"}],"version-history":[{"count":0,"href":"https:\/\/yas31.com\/index.php?rest_route=\/wp\/v2\/posts\/48647\/revisions"}],"wp:featuredmedia":[{"embeddable":true,"href":"https:\/\/yas31.com\/index.php?rest_route=\/wp\/v2\/media\/51005"}],"wp:attachment":[{"href":"https:\/\/yas31.com\/index.php?rest_route=%2Fwp%2Fv2%2Fmedia&parent=48647"}],"wp:term":[{"taxonomy":"category","embeddable":true,"href":"https:\/\/yas31.com\/index.php?rest_route=%2Fwp%2Fv2%2Fcategories&post=48647"},{"taxonomy":"post_tag","embeddable":true,"href":"https:\/\/yas31.com\/index.php?rest_route=%2Fwp%2Fv2%2Ftags&post=48647"}],"curies":[{"name":"wp","href":"https:\/\/api.w.org\/{rel}","templated":true}]}}