{"id":42487,"date":"2025-03-07T13:54:07","date_gmt":"2025-03-07T16:54:07","guid":{"rendered":"https:\/\/yas31.com\/?p=42487"},"modified":"2025-03-07T13:54:07","modified_gmt":"2025-03-07T16:54:07","slug":"blauer-usa-mistura-influencias-de-milao-e-seul-em-campanha","status":"publish","type":"post","link":"https:\/\/yas31.com\/?p=42487","title":{"rendered":"Blauer USA mistura influ\u00eancias de Mil\u00e3o e Seul em campanha"},"content":{"rendered":"\n<p class=\"wp-block-paragraph\">Ap\u00f3s o sucesso da campanha <strong>\u201cThe Soul of Seoul\u201d<\/strong>, a <strong>Blauer USA<\/strong> retorna com o fot\u00f3grafo <strong>James Mollison<\/strong> para a cole\u00e7\u00e3o <strong>Primavera\/Ver\u00e3o 2025<\/strong>, dando continuidade \u00e0 sua explora\u00e7\u00e3o das influ\u00eancias da cultura contempor\u00e2nea sul-coreana.<\/p>\n\n\n\n<p class=\"wp-block-paragraph\">Se na \u00faltima temporada os visuais foram ambientados em <strong>pontos ic\u00f4nicos de Seul<\/strong>, agora a narrativa se desloca para <strong>Mil\u00e3o<\/strong>. A est\u00e9tica coreana ainda est\u00e1 presente, mas de forma mais sutil, misturando-se ao cen\u00e1rio europeu atrav\u00e9s do styling e das combina\u00e7\u00f5es de pe\u00e7as. Modelos desfilam com <strong>bombers militares e cal\u00e7as parachute<\/strong>, destaques da nova cole\u00e7\u00e3o, harmonizados com itens vintage do arquivo pessoal de <strong>Enzo Fusco<\/strong>, presidente da Blauer.<\/p>\n\n\n\n<p class=\"wp-block-paragraph\">O rosto da campanha \u00e9 o <strong>tatuador Hyo Seong Kim<\/strong>, que j\u00e1 havia participado da campanha <strong>Outono\/Inverno 2024<\/strong> ao lado de novos talentos coreanos. Agora, Kim aparece customizando uma das <strong>jaquetas de couro ic\u00f4nicas da marca<\/strong> em um v\u00eddeo teaser, refor\u00e7ando a fus\u00e3o entre <strong>moda, arte e design<\/strong>, elementos marcantes tanto em <strong>Mil\u00e3o<\/strong> quanto em <strong>Seul<\/strong>.<\/p>\n\n\n\n<p class=\"wp-block-paragraph\">Confira o <em>lookbook<\/em> e o v\u00eddeo da campanha <strong>\u201cKorea\/Milan\u201d<\/strong> abaixo e descubra a nova cole\u00e7\u00e3o <strong>Primavera\/Ver\u00e3o 2025<\/strong> da <strong>Blauer USA<\/strong> no <span style=\"text-decoration: underline;\"><a href=\"https:\/\/www.blauerusa.com\/en\/spring-summer-025\" target=\"_blank\" rel=\"noreferrer noopener\">site oficial da marca<\/a><\/span>.<\/p>\n\n\n\n<figure class=\"wp-block-embed is-type-video is-provider-youtube wp-block-embed-youtube wp-embed-aspect-16-9 wp-has-aspect-ratio\"><div class=\"wp-block-embed__wrapper\">\n<div class=\"atbs-ceris-responsive-video\"><iframe loading=\"lazy\" title=\"Blauer Spring Summer 25\" width=\"1200\" height=\"675\" src=\"https:\/\/www.youtube.com\/embed\/e2NsuvB8yMQ?feature=oembed\" frameborder=\"0\" allow=\"accelerometer; autoplay; clipboard-write; encrypted-media; gyroscope; picture-in-picture; web-share\" referrerpolicy=\"strict-origin-when-cross-origin\" allowfullscreen><\/iframe><\/div>\n<\/div><\/figure>\n\n\n\n<div class=\"wp-block-jetpack-tiled-gallery aligncenter is-style-rectangular\"><div class=\"\"><div class=\"tiled-gallery__gallery\"><div class=\"tiled-gallery__row\"><div class=\"tiled-gallery__col\" style=\"flex-basis:25.00000%\"><figure class=\"tiled-gallery__item\"><a href=\"https:\/\/yas31.com\/wp-content\/uploads\/2025\/03\/blauer-ss25-korea-milan-campaign-01-682x1024.jpg\"><img decoding=\"async\" srcset=\"https:\/\/i0.wp.com\/yas31.com\/wp-content\/uploads\/2025\/03\/blauer-ss25-korea-milan-campaign-01-682x1024.jpg?strip=info&#038;w=600&#038;ssl=1 600w,https:\/\/i0.wp.com\/yas31.com\/wp-content\/uploads\/2025\/03\/blauer-ss25-korea-milan-campaign-01-682x1024.jpg?strip=info&#038;w=853&#038;ssl=1 853w\" alt=\"\" data-height=\"1280\" data-id=\"42491\" data-link=\"https:\/\/yas31.com\/?attachment_id=42491\" data-url=\"https:\/\/yas31.com\/wp-content\/uploads\/2025\/03\/blauer-ss25-korea-milan-campaign-01-682x1024.jpg\" data-width=\"853\" src=\"https:\/\/i0.wp.com\/yas31.com\/wp-content\/uploads\/2025\/03\/blauer-ss25-korea-milan-campaign-01-682x1024.jpg?ssl=1\" data-amp-layout=\"responsive\" tabindex=\"0\" role=\"button\" aria-label=\"Abrir imagem 1 de 8 em tela cheia\"\/><\/a><\/figure><\/div><div class=\"tiled-gallery__col\" style=\"flex-basis:25.00000%\"><figure class=\"tiled-gallery__item\"><a href=\"https:\/\/yas31.com\/wp-content\/uploads\/2025\/03\/blauer-ss25-korea-milan-campaign-02-682x1024.jpg\"><img decoding=\"async\" srcset=\"https:\/\/i0.wp.com\/yas31.com\/wp-content\/uploads\/2025\/03\/blauer-ss25-korea-milan-campaign-02-682x1024.jpg?strip=info&#038;w=600&#038;ssl=1 600w,https:\/\/i0.wp.com\/yas31.com\/wp-content\/uploads\/2025\/03\/blauer-ss25-korea-milan-campaign-02-682x1024.jpg?strip=info&#038;w=853&#038;ssl=1 853w\" alt=\"\" data-height=\"1280\" data-id=\"42488\" data-link=\"https:\/\/yas31.com\/?attachment_id=42488\" data-url=\"https:\/\/yas31.com\/wp-content\/uploads\/2025\/03\/blauer-ss25-korea-milan-campaign-02-682x1024.jpg\" data-width=\"853\" src=\"https:\/\/i0.wp.com\/yas31.com\/wp-content\/uploads\/2025\/03\/blauer-ss25-korea-milan-campaign-02-682x1024.jpg?ssl=1\" data-amp-layout=\"responsive\" tabindex=\"0\" role=\"button\" aria-label=\"Abrir imagem 2 de 8 em tela cheia\"\/><\/a><\/figure><\/div><div class=\"tiled-gallery__col\" style=\"flex-basis:25.00000%\"><figure class=\"tiled-gallery__item\"><a href=\"https:\/\/yas31.com\/wp-content\/uploads\/2025\/03\/blauer-ss25-korea-milan-campaign-03-682x1024.jpg\"><img decoding=\"async\" srcset=\"https:\/\/i0.wp.com\/yas31.com\/wp-content\/uploads\/2025\/03\/blauer-ss25-korea-milan-campaign-03-682x1024.jpg?strip=info&#038;w=600&#038;ssl=1 600w,https:\/\/i0.wp.com\/yas31.com\/wp-content\/uploads\/2025\/03\/blauer-ss25-korea-milan-campaign-03-682x1024.jpg?strip=info&#038;w=853&#038;ssl=1 853w\" alt=\"\" data-height=\"1280\" data-id=\"42493\" data-link=\"https:\/\/yas31.com\/?attachment_id=42493\" data-url=\"https:\/\/yas31.com\/wp-content\/uploads\/2025\/03\/blauer-ss25-korea-milan-campaign-03-682x1024.jpg\" data-width=\"853\" src=\"https:\/\/i0.wp.com\/yas31.com\/wp-content\/uploads\/2025\/03\/blauer-ss25-korea-milan-campaign-03-682x1024.jpg?ssl=1\" data-amp-layout=\"responsive\" tabindex=\"0\" role=\"button\" aria-label=\"Abrir imagem 3 de 8 em tela cheia\"\/><\/a><\/figure><\/div><div class=\"tiled-gallery__col\" style=\"flex-basis:25.00000%\"><figure class=\"tiled-gallery__item\"><a href=\"https:\/\/yas31.com\/wp-content\/uploads\/2025\/03\/blauer-ss25-korea-milan-campaign-04-682x1024.jpg\"><img decoding=\"async\" srcset=\"https:\/\/i0.wp.com\/yas31.com\/wp-content\/uploads\/2025\/03\/blauer-ss25-korea-milan-campaign-04-682x1024.jpg?strip=info&#038;w=600&#038;ssl=1 600w,https:\/\/i0.wp.com\/yas31.com\/wp-content\/uploads\/2025\/03\/blauer-ss25-korea-milan-campaign-04-682x1024.jpg?strip=info&#038;w=853&#038;ssl=1 853w\" alt=\"\" data-height=\"1280\" data-id=\"42495\" data-link=\"https:\/\/yas31.com\/?attachment_id=42495\" data-url=\"https:\/\/yas31.com\/wp-content\/uploads\/2025\/03\/blauer-ss25-korea-milan-campaign-04-682x1024.jpg\" data-width=\"853\" src=\"https:\/\/i0.wp.com\/yas31.com\/wp-content\/uploads\/2025\/03\/blauer-ss25-korea-milan-campaign-04-682x1024.jpg?ssl=1\" data-amp-layout=\"responsive\" tabindex=\"0\" role=\"button\" aria-label=\"Abrir imagem 4 de 8 em tela cheia\"\/><\/a><\/figure><\/div><\/div><div class=\"tiled-gallery__row\"><div class=\"tiled-gallery__col\" style=\"flex-basis:25.00000%\"><figure class=\"tiled-gallery__item\"><a href=\"https:\/\/yas31.com\/wp-content\/uploads\/2025\/03\/blauer-ss25-korea-milan-campaign-05-682x1024.jpg\"><img decoding=\"async\" srcset=\"https:\/\/i0.wp.com\/yas31.com\/wp-content\/uploads\/2025\/03\/blauer-ss25-korea-milan-campaign-05-682x1024.jpg?strip=info&#038;w=600&#038;ssl=1 600w,https:\/\/i0.wp.com\/yas31.com\/wp-content\/uploads\/2025\/03\/blauer-ss25-korea-milan-campaign-05-682x1024.jpg?strip=info&#038;w=853&#038;ssl=1 853w\" alt=\"\" data-height=\"1280\" data-id=\"42490\" data-link=\"https:\/\/yas31.com\/?attachment_id=42490\" data-url=\"https:\/\/yas31.com\/wp-content\/uploads\/2025\/03\/blauer-ss25-korea-milan-campaign-05-682x1024.jpg\" data-width=\"853\" src=\"https:\/\/i0.wp.com\/yas31.com\/wp-content\/uploads\/2025\/03\/blauer-ss25-korea-milan-campaign-05-682x1024.jpg?ssl=1\" data-amp-layout=\"responsive\" tabindex=\"0\" role=\"button\" aria-label=\"Abrir imagem 5 de 8 em tela cheia\"\/><\/a><\/figure><\/div><div class=\"tiled-gallery__col\" style=\"flex-basis:25.00000%\"><figure class=\"tiled-gallery__item\"><a href=\"https:\/\/yas31.com\/wp-content\/uploads\/2025\/03\/blauer-ss25-korea-milan-campaign-06-682x1024.jpg\"><img decoding=\"async\" srcset=\"https:\/\/i0.wp.com\/yas31.com\/wp-content\/uploads\/2025\/03\/blauer-ss25-korea-milan-campaign-06-682x1024.jpg?strip=info&#038;w=600&#038;ssl=1 600w,https:\/\/i0.wp.com\/yas31.com\/wp-content\/uploads\/2025\/03\/blauer-ss25-korea-milan-campaign-06-682x1024.jpg?strip=info&#038;w=853&#038;ssl=1 853w\" alt=\"\" data-height=\"1280\" data-id=\"42494\" data-link=\"https:\/\/yas31.com\/?attachment_id=42494\" data-url=\"https:\/\/yas31.com\/wp-content\/uploads\/2025\/03\/blauer-ss25-korea-milan-campaign-06-682x1024.jpg\" data-width=\"853\" src=\"https:\/\/i0.wp.com\/yas31.com\/wp-content\/uploads\/2025\/03\/blauer-ss25-korea-milan-campaign-06-682x1024.jpg?ssl=1\" data-amp-layout=\"responsive\" tabindex=\"0\" role=\"button\" aria-label=\"Abrir imagem 6 de 8 em tela cheia\"\/><\/a><\/figure><\/div><div class=\"tiled-gallery__col\" style=\"flex-basis:25.00000%\"><figure class=\"tiled-gallery__item\"><a href=\"https:\/\/yas31.com\/wp-content\/uploads\/2025\/03\/blauer-ss25-korea-milan-campaign-07-682x1024.jpg\"><img decoding=\"async\" srcset=\"https:\/\/i0.wp.com\/yas31.com\/wp-content\/uploads\/2025\/03\/blauer-ss25-korea-milan-campaign-07-682x1024.jpg?strip=info&#038;w=600&#038;ssl=1 600w,https:\/\/i0.wp.com\/yas31.com\/wp-content\/uploads\/2025\/03\/blauer-ss25-korea-milan-campaign-07-682x1024.jpg?strip=info&#038;w=853&#038;ssl=1 853w\" alt=\"\" data-height=\"1280\" data-id=\"42492\" data-link=\"https:\/\/yas31.com\/?attachment_id=42492\" data-url=\"https:\/\/yas31.com\/wp-content\/uploads\/2025\/03\/blauer-ss25-korea-milan-campaign-07-682x1024.jpg\" data-width=\"853\" src=\"https:\/\/i0.wp.com\/yas31.com\/wp-content\/uploads\/2025\/03\/blauer-ss25-korea-milan-campaign-07-682x1024.jpg?ssl=1\" data-amp-layout=\"responsive\" tabindex=\"0\" role=\"button\" aria-label=\"Abrir imagem 7 de 8 em tela cheia\"\/><\/a><\/figure><\/div><div class=\"tiled-gallery__col\" style=\"flex-basis:25.00000%\"><figure class=\"tiled-gallery__item\"><a href=\"https:\/\/yas31.com\/wp-content\/uploads\/2025\/03\/blauer-ss25-korea-milan-campaign-08-682x1024.jpg\"><img decoding=\"async\" srcset=\"https:\/\/i0.wp.com\/yas31.com\/wp-content\/uploads\/2025\/03\/blauer-ss25-korea-milan-campaign-08-682x1024.jpg?strip=info&#038;w=600&#038;ssl=1 600w,https:\/\/i0.wp.com\/yas31.com\/wp-content\/uploads\/2025\/03\/blauer-ss25-korea-milan-campaign-08-682x1024.jpg?strip=info&#038;w=853&#038;ssl=1 853w\" alt=\"\" data-height=\"1280\" data-id=\"42489\" data-link=\"https:\/\/yas31.com\/?attachment_id=42489\" data-url=\"https:\/\/yas31.com\/wp-content\/uploads\/2025\/03\/blauer-ss25-korea-milan-campaign-08-682x1024.jpg\" data-width=\"853\" src=\"https:\/\/i0.wp.com\/yas31.com\/wp-content\/uploads\/2025\/03\/blauer-ss25-korea-milan-campaign-08-682x1024.jpg?ssl=1\" data-amp-layout=\"responsive\" tabindex=\"0\" role=\"button\" aria-label=\"Abrir imagem 8 de 8 em tela cheia\"\/><\/a><\/figure><\/div><\/div><\/div><\/div><\/div>\n","protected":false},"excerpt":{"rendered":"<p>Ap\u00f3s o sucesso da campanha \u201cThe Soul of Seoul\u201d, a Blauer USA retorna com o fot\u00f3grafo James Mollison para a cole\u00e7\u00e3o Primavera\/Ver\u00e3o 2025, dando continuidade \u00e0 sua explora\u00e7\u00e3o das influ\u00eancias da cultura contempor\u00e2nea sul-coreana. Se na \u00faltima temporada os visuais foram ambientados em pontos ic\u00f4nicos de Seul, agora a narrativa se desloca para Mil\u00e3o. A est\u00e9tica coreana ainda est\u00e1 presente, mas de forma mais sutil, misturando-se ao cen\u00e1rio europeu atrav\u00e9s do styling e das combina\u00e7\u00f5es de pe\u00e7as. Modelos desfilam com bombers militares e cal\u00e7as parachute, destaques da nova cole\u00e7\u00e3o, harmonizados com itens vintage do arquivo pessoal de Enzo Fusco, presidente [&hellip;]<\/p>\n","protected":false},"author":1,"featured_media":42491,"comment_status":"open","ping_status":"open","sticky":false,"template":"","format":"standard","meta":{"_jetpack_newsletter_access":"","_jetpack_dont_email_post_to_subs":false,"_jetpack_newsletter_tier_id":0,"_jetpack_memberships_contains_paywalled_content":false,"_jetpack_feature_clip_id":0,"_jetpack_memberships_contains_paid_content":false,"footnotes":"","jetpack_post_was_ever_published":false},"categories":[14,37],"tags":[1344,1345],"class_list":["post-42487","post","type-post","status-publish","format-standard","has-post-thumbnail","hentry","category-moda","category-videos","tag-blauer-usa","tag-james-mollison","post--single"],"jetpack_featured_media_url":"","jetpack_sharing_enabled":true,"_links":{"self":[{"href":"https:\/\/yas31.com\/index.php?rest_route=\/wp\/v2\/posts\/42487","targetHints":{"allow":["GET"]}}],"collection":[{"href":"https:\/\/yas31.com\/index.php?rest_route=\/wp\/v2\/posts"}],"about":[{"href":"https:\/\/yas31.com\/index.php?rest_route=\/wp\/v2\/types\/post"}],"author":[{"embeddable":true,"href":"https:\/\/yas31.com\/index.php?rest_route=\/wp\/v2\/users\/1"}],"replies":[{"embeddable":true,"href":"https:\/\/yas31.com\/index.php?rest_route=%2Fwp%2Fv2%2Fcomments&post=42487"}],"version-history":[{"count":0,"href":"https:\/\/yas31.com\/index.php?rest_route=\/wp\/v2\/posts\/42487\/revisions"}],"wp:attachment":[{"href":"https:\/\/yas31.com\/index.php?rest_route=%2Fwp%2Fv2%2Fmedia&parent=42487"}],"wp:term":[{"taxonomy":"category","embeddable":true,"href":"https:\/\/yas31.com\/index.php?rest_route=%2Fwp%2Fv2%2Fcategories&post=42487"},{"taxonomy":"post_tag","embeddable":true,"href":"https:\/\/yas31.com\/index.php?rest_route=%2Fwp%2Fv2%2Ftags&post=42487"}],"curies":[{"name":"wp","href":"https:\/\/api.w.org\/{rel}","templated":true}]}}