{"id":42247,"date":"2025-03-03T08:52:40","date_gmt":"2025-03-03T11:52:40","guid":{"rendered":"https:\/\/yas31.com\/?p=42247"},"modified":"2025-03-03T08:52:40","modified_gmt":"2025-03-03T11:52:40","slug":"the-north-face-celebra-40-anos-da-mountain-jacket","status":"publish","type":"post","link":"https:\/\/yas31.com\/?p=42247","title":{"rendered":"The North Face celebra 40 anos da Mountain Jacket"},"content":{"rendered":"\n<p class=\"wp-block-paragraph\">A <strong><span style=\"text-decoration: underline;\"><a href=\"https:\/\/yas31.com\/tag\/The-North-Face\/\">The North Face<\/a><\/span><\/strong> est\u00e1 comemorando os 40 anos de sua ic\u00f4nica <strong>Mountain Jacket<\/strong> com uma campanha global estrelada pela cantora Griff, vencedora do BRIT Awards. \u201cAssim como a m\u00fasica, a moda tamb\u00e9m \u00e9 essencial para que eu me expresse\u201d, diz Griff.<\/p>\n\n\n\n<blockquote class=\"wp-block-quote is-layout-flow wp-block-quote-is-layout-flow\">\n<p class=\"wp-block-paragraph\">Trabalhar com uma marca t\u00e3o ic\u00f4nica e fazer parte dessa campanha tem sido incr\u00edvel\u201d.<\/p>\n<\/blockquote>\n\n\n\n<p class=\"wp-block-paragraph\">Desde seu lan\u00e7amento em 1985, a <strong>Mountain Jacket<\/strong> se tornou pe\u00e7a essencial para alpinistas, oferecendo a mesma prote\u00e7\u00e3o extrema que os esquiadores j\u00e1 conheciam. Enquanto modelos como <strong>Nuptse e Himalayan Parka<\/strong> conquistaram seu pr\u00f3prio espa\u00e7o, a <strong>Mountain Jacket<\/strong> rapidamente se tornou refer\u00eancia para os mais audaciosos exploradores, ajudando a consolidar o legado da The North Face no mundo do montanhismo.<\/p>\n\n\n\n<p class=\"wp-block-paragraph\">Agora, para marcar esse anivers\u00e1rio, a marca lan\u00e7a duas novas vers\u00f5es da jaqueta: <strong>Mountain Jacket Dryvent Mono<\/strong> e <strong>Mountain Jacket Gore-Tex<\/strong>. Ambas mant\u00eam os elementos essenciais da The North Face, como costuras totalmente seladas para prote\u00e7\u00e3o contra o clima, bolsos ajust\u00e1veis no estilo alpino e um design minimalista e funcional. A diferen\u00e7a est\u00e1 na tecnologia: enquanto o modelo <strong>Dryvent<\/strong> aposta em respirabilidade m\u00e1xima, o <strong><span style=\"text-decoration: underline;\"><a href=\"https:\/\/yas31.com\/tag\/GORE-TEX\/\">Gore-Tex<\/a><\/span><\/strong> oferece impermeabilidade incompar\u00e1vel.<\/p>\n\n\n\n<p class=\"wp-block-paragraph\">Al\u00e9m de Griff, a campanha tamb\u00e9m conta com os atletas da The North Face <strong>Blake Paul (snowboarder) e Dennis Ranalter (esquiador freeride)<\/strong>, refor\u00e7ando a conex\u00e3o entre a jaqueta e o esp\u00edrito de aventura.<\/p>\n\n\n\n<p class=\"wp-block-paragraph\">A cole\u00e7\u00e3o <strong>Mountain Jacket 2025<\/strong> j\u00e1 est\u00e1 dispon\u00edvel no <span style=\"text-decoration: underline;\"><a href=\"https:\/\/www.thenorthface.com\/en-us\" target=\"_blank\" rel=\"noreferrer noopener\">site da The North Face<\/a><\/span> e em lojas selecionadas.<\/p>\n\n\n\n<div class=\"wp-block-jetpack-tiled-gallery aligncenter is-style-rectangular\"><div class=\"\"><div class=\"tiled-gallery__gallery\"><div class=\"tiled-gallery__row\"><div class=\"tiled-gallery__col\" style=\"flex-basis:25.02634%\"><figure class=\"tiled-gallery__item\"><a href=\"https:\/\/yas31.com\/wp-content\/uploads\/2025\/03\/the-north-face-mountain-jacket-40-years-griff-collection-01-682x1024.jpg\"><img decoding=\"async\" srcset=\"https:\/\/i0.wp.com\/yas31.com\/wp-content\/uploads\/2025\/03\/the-north-face-mountain-jacket-40-years-griff-collection-01-682x1024.jpg?strip=info&#038;w=600&#038;ssl=1 600w,https:\/\/i0.wp.com\/yas31.com\/wp-content\/uploads\/2025\/03\/the-north-face-mountain-jacket-40-years-griff-collection-01-682x1024.jpg?strip=info&#038;w=853&#038;ssl=1 853w\" alt=\"\" data-height=\"1280\" data-id=\"42249\" data-link=\"https:\/\/yas31.com\/?attachment_id=42249\" data-url=\"https:\/\/yas31.com\/wp-content\/uploads\/2025\/03\/the-north-face-mountain-jacket-40-years-griff-collection-01-682x1024.jpg\" data-width=\"853\" src=\"https:\/\/i0.wp.com\/yas31.com\/wp-content\/uploads\/2025\/03\/the-north-face-mountain-jacket-40-years-griff-collection-01-682x1024.jpg?ssl=1\" data-amp-layout=\"responsive\" tabindex=\"0\" role=\"button\" aria-label=\"Abrir imagem 1 de 8 em tela cheia\"\/><\/a><\/figure><\/div><div class=\"tiled-gallery__col\" style=\"flex-basis:24.98636%\"><figure class=\"tiled-gallery__item\"><a href=\"https:\/\/yas31.com\/wp-content\/uploads\/2025\/03\/the-north-face-mountain-jacket-40-years-griff-collection-02.jpg\"><img decoding=\"async\" srcset=\"https:\/\/i0.wp.com\/yas31.com\/wp-content\/uploads\/2025\/03\/the-north-face-mountain-jacket-40-years-griff-collection-02.jpg?strip=info&#038;w=600&#038;ssl=1 600w,https:\/\/i0.wp.com\/yas31.com\/wp-content\/uploads\/2025\/03\/the-north-face-mountain-jacket-40-years-griff-collection-02.jpg?strip=info&#038;w=668&#038;ssl=1 668w\" alt=\"\" data-height=\"1004\" data-id=\"42248\" data-link=\"https:\/\/yas31.com\/?attachment_id=42248\" data-url=\"https:\/\/yas31.com\/wp-content\/uploads\/2025\/03\/the-north-face-mountain-jacket-40-years-griff-collection-02.jpg\" data-width=\"668\" src=\"https:\/\/i0.wp.com\/yas31.com\/wp-content\/uploads\/2025\/03\/the-north-face-mountain-jacket-40-years-griff-collection-02.jpg?ssl=1\" data-amp-layout=\"responsive\" tabindex=\"0\" role=\"button\" aria-label=\"Abrir imagem 2 de 8 em tela cheia\"\/><\/a><\/figure><\/div><div class=\"tiled-gallery__col\" style=\"flex-basis:24.97803%\"><figure class=\"tiled-gallery__item\"><a href=\"https:\/\/yas31.com\/wp-content\/uploads\/2025\/03\/the-north-face-mountain-jacket-40-years-griff-collection-03.jpg\"><img decoding=\"async\" srcset=\"https:\/\/i0.wp.com\/yas31.com\/wp-content\/uploads\/2025\/03\/the-north-face-mountain-jacket-40-years-griff-collection-03.jpg?strip=info&#038;w=572&#038;ssl=1 572w\" alt=\"\" data-height=\"860\" data-id=\"42252\" data-link=\"https:\/\/yas31.com\/?attachment_id=42252\" data-url=\"https:\/\/yas31.com\/wp-content\/uploads\/2025\/03\/the-north-face-mountain-jacket-40-years-griff-collection-03.jpg\" data-width=\"572\" src=\"https:\/\/i0.wp.com\/yas31.com\/wp-content\/uploads\/2025\/03\/the-north-face-mountain-jacket-40-years-griff-collection-03.jpg?ssl=1\" data-amp-layout=\"responsive\" tabindex=\"0\" role=\"button\" aria-label=\"Abrir imagem 3 de 8 em tela cheia\"\/><\/a><\/figure><\/div><div class=\"tiled-gallery__col\" style=\"flex-basis:25.00928%\"><figure class=\"tiled-gallery__item\"><a href=\"https:\/\/yas31.com\/wp-content\/uploads\/2025\/03\/the-north-face-mountain-jacket-40-years-griff-collection-04.jpg\"><img decoding=\"async\" srcset=\"https:\/\/i0.wp.com\/yas31.com\/wp-content\/uploads\/2025\/03\/the-north-face-mountain-jacket-40-years-griff-collection-04.jpg?strip=info&#038;w=600&#038;ssl=1 600w,https:\/\/i0.wp.com\/yas31.com\/wp-content\/uploads\/2025\/03\/the-north-face-mountain-jacket-40-years-griff-collection-04.jpg?strip=info&#038;w=620&#038;ssl=1 620w\" alt=\"\" data-height=\"931\" data-id=\"42251\" data-link=\"https:\/\/yas31.com\/?attachment_id=42251\" data-url=\"https:\/\/yas31.com\/wp-content\/uploads\/2025\/03\/the-north-face-mountain-jacket-40-years-griff-collection-04.jpg\" data-width=\"620\" src=\"https:\/\/i0.wp.com\/yas31.com\/wp-content\/uploads\/2025\/03\/the-north-face-mountain-jacket-40-years-griff-collection-04.jpg?ssl=1\" data-amp-layout=\"responsive\" tabindex=\"0\" role=\"button\" aria-label=\"Abrir imagem 4 de 8 em tela cheia\"\/><\/a><\/figure><\/div><\/div><div class=\"tiled-gallery__row\"><div class=\"tiled-gallery__col\" style=\"flex-basis:25.01010%\"><figure class=\"tiled-gallery__item\"><a href=\"https:\/\/yas31.com\/wp-content\/uploads\/2025\/03\/the-north-face-mountain-jacket-40-years-griff-collection-05-682x1024.jpg\"><img decoding=\"async\" srcset=\"https:\/\/i0.wp.com\/yas31.com\/wp-content\/uploads\/2025\/03\/the-north-face-mountain-jacket-40-years-griff-collection-05-682x1024.jpg?strip=info&#038;w=600&#038;ssl=1 600w,https:\/\/i0.wp.com\/yas31.com\/wp-content\/uploads\/2025\/03\/the-north-face-mountain-jacket-40-years-griff-collection-05-682x1024.jpg?strip=info&#038;w=853&#038;ssl=1 853w\" alt=\"\" data-height=\"1280\" data-id=\"42255\" data-link=\"https:\/\/yas31.com\/?attachment_id=42255\" data-url=\"https:\/\/yas31.com\/wp-content\/uploads\/2025\/03\/the-north-face-mountain-jacket-40-years-griff-collection-05-682x1024.jpg\" data-width=\"853\" src=\"https:\/\/i0.wp.com\/yas31.com\/wp-content\/uploads\/2025\/03\/the-north-face-mountain-jacket-40-years-griff-collection-05-682x1024.jpg?ssl=1\" data-amp-layout=\"responsive\" tabindex=\"0\" role=\"button\" aria-label=\"Abrir imagem 5 de 8 em tela cheia\"\/><\/a><\/figure><\/div><div class=\"tiled-gallery__col\" style=\"flex-basis:25.01010%\"><figure class=\"tiled-gallery__item\"><a href=\"https:\/\/yas31.com\/wp-content\/uploads\/2025\/03\/the-north-face-mountain-jacket-40-years-griff-collection-06-682x1024.jpg\"><img decoding=\"async\" srcset=\"https:\/\/i0.wp.com\/yas31.com\/wp-content\/uploads\/2025\/03\/the-north-face-mountain-jacket-40-years-griff-collection-06-682x1024.jpg?strip=info&#038;w=600&#038;ssl=1 600w,https:\/\/i0.wp.com\/yas31.com\/wp-content\/uploads\/2025\/03\/the-north-face-mountain-jacket-40-years-griff-collection-06-682x1024.jpg?strip=info&#038;w=853&#038;ssl=1 853w\" alt=\"\" data-height=\"1280\" data-id=\"42250\" data-link=\"https:\/\/yas31.com\/?attachment_id=42250\" data-url=\"https:\/\/yas31.com\/wp-content\/uploads\/2025\/03\/the-north-face-mountain-jacket-40-years-griff-collection-06-682x1024.jpg\" data-width=\"853\" src=\"https:\/\/i0.wp.com\/yas31.com\/wp-content\/uploads\/2025\/03\/the-north-face-mountain-jacket-40-years-griff-collection-06-682x1024.jpg?ssl=1\" data-amp-layout=\"responsive\" tabindex=\"0\" role=\"button\" aria-label=\"Abrir imagem 6 de 8 em tela cheia\"\/><\/a><\/figure><\/div><div class=\"tiled-gallery__col\" style=\"flex-basis:24.96969%\"><figure class=\"tiled-gallery__item\"><a href=\"https:\/\/yas31.com\/wp-content\/uploads\/2025\/03\/the-north-face-mountain-jacket-40-years-griff-collection-07.jpg\"><img decoding=\"async\" srcset=\"https:\/\/i0.wp.com\/yas31.com\/wp-content\/uploads\/2025\/03\/the-north-face-mountain-jacket-40-years-griff-collection-07.jpg?strip=info&#038;w=600&#038;ssl=1 600w,https:\/\/i0.wp.com\/yas31.com\/wp-content\/uploads\/2025\/03\/the-north-face-mountain-jacket-40-years-griff-collection-07.jpg?strip=info&#038;w=662&#038;ssl=1 662w\" alt=\"\" data-height=\"995\" data-id=\"42253\" data-link=\"https:\/\/yas31.com\/?attachment_id=42253\" data-url=\"https:\/\/yas31.com\/wp-content\/uploads\/2025\/03\/the-north-face-mountain-jacket-40-years-griff-collection-07.jpg\" data-width=\"662\" src=\"https:\/\/i0.wp.com\/yas31.com\/wp-content\/uploads\/2025\/03\/the-north-face-mountain-jacket-40-years-griff-collection-07.jpg?ssl=1\" data-amp-layout=\"responsive\" tabindex=\"0\" role=\"button\" aria-label=\"Abrir imagem 7 de 8 em tela cheia\"\/><\/a><\/figure><\/div><div class=\"tiled-gallery__col\" style=\"flex-basis:25.01010%\"><figure class=\"tiled-gallery__item\"><a href=\"https:\/\/yas31.com\/wp-content\/uploads\/2025\/03\/the-north-face-mountain-jacket-40-years-griff-collection-08-682x1024.jpg\"><img decoding=\"async\" srcset=\"https:\/\/i0.wp.com\/yas31.com\/wp-content\/uploads\/2025\/03\/the-north-face-mountain-jacket-40-years-griff-collection-08-682x1024.jpg?strip=info&#038;w=600&#038;ssl=1 600w,https:\/\/i0.wp.com\/yas31.com\/wp-content\/uploads\/2025\/03\/the-north-face-mountain-jacket-40-years-griff-collection-08-682x1024.jpg?strip=info&#038;w=853&#038;ssl=1 853w\" alt=\"\" data-height=\"1280\" data-id=\"42254\" data-link=\"https:\/\/yas31.com\/?attachment_id=42254\" data-url=\"https:\/\/yas31.com\/wp-content\/uploads\/2025\/03\/the-north-face-mountain-jacket-40-years-griff-collection-08-682x1024.jpg\" data-width=\"853\" src=\"https:\/\/i0.wp.com\/yas31.com\/wp-content\/uploads\/2025\/03\/the-north-face-mountain-jacket-40-years-griff-collection-08-682x1024.jpg?ssl=1\" data-amp-layout=\"responsive\" tabindex=\"0\" role=\"button\" aria-label=\"Abrir imagem 8 de 8 em tela cheia\"\/><\/a><\/figure><\/div><\/div><\/div><\/div><\/div>\n","protected":false},"excerpt":{"rendered":"<p>A The North Face est\u00e1 comemorando os 40 anos de sua ic\u00f4nica Mountain Jacket com uma campanha global estrelada pela cantora Griff, vencedora do BRIT Awards. \u201cAssim como a m\u00fasica, a moda tamb\u00e9m \u00e9 essencial para que eu me expresse\u201d, diz Griff. Trabalhar com uma marca t\u00e3o ic\u00f4nica e fazer parte dessa campanha tem sido incr\u00edvel\u201d. Desde seu lan\u00e7amento em 1985, a Mountain Jacket se tornou pe\u00e7a essencial para alpinistas, oferecendo a mesma prote\u00e7\u00e3o extrema que os esquiadores j\u00e1 conheciam. Enquanto modelos como Nuptse e Himalayan Parka conquistaram seu pr\u00f3prio espa\u00e7o, a Mountain Jacket rapidamente se tornou refer\u00eancia para os [&hellip;]<\/p>\n","protected":false},"author":1,"featured_media":42254,"comment_status":"open","ping_status":"open","sticky":false,"template":"","format":"standard","meta":{"_jetpack_newsletter_access":"","_jetpack_dont_email_post_to_subs":false,"_jetpack_newsletter_tier_id":0,"_jetpack_memberships_contains_paywalled_content":false,"_jetpack_feature_clip_id":0,"_jetpack_memberships_contains_paid_content":false,"footnotes":"","jetpack_post_was_ever_published":false},"categories":[14],"tags":[95,94],"class_list":["post-42247","post","type-post","status-publish","format-standard","has-post-thumbnail","hentry","category-moda","tag-gore-tex","tag-the-north-face","post--single"],"jetpack_featured_media_url":"","jetpack_sharing_enabled":true,"_links":{"self":[{"href":"https:\/\/yas31.com\/index.php?rest_route=\/wp\/v2\/posts\/42247","targetHints":{"allow":["GET"]}}],"collection":[{"href":"https:\/\/yas31.com\/index.php?rest_route=\/wp\/v2\/posts"}],"about":[{"href":"https:\/\/yas31.com\/index.php?rest_route=\/wp\/v2\/types\/post"}],"author":[{"embeddable":true,"href":"https:\/\/yas31.com\/index.php?rest_route=\/wp\/v2\/users\/1"}],"replies":[{"embeddable":true,"href":"https:\/\/yas31.com\/index.php?rest_route=%2Fwp%2Fv2%2Fcomments&post=42247"}],"version-history":[{"count":0,"href":"https:\/\/yas31.com\/index.php?rest_route=\/wp\/v2\/posts\/42247\/revisions"}],"wp:attachment":[{"href":"https:\/\/yas31.com\/index.php?rest_route=%2Fwp%2Fv2%2Fmedia&parent=42247"}],"wp:term":[{"taxonomy":"category","embeddable":true,"href":"https:\/\/yas31.com\/index.php?rest_route=%2Fwp%2Fv2%2Fcategories&post=42247"},{"taxonomy":"post_tag","embeddable":true,"href":"https:\/\/yas31.com\/index.php?rest_route=%2Fwp%2Fv2%2Ftags&post=42247"}],"curies":[{"name":"wp","href":"https:\/\/api.w.org\/{rel}","templated":true}]}}