{"id":40016,"date":"2025-01-08T14:56:00","date_gmt":"2025-01-08T17:56:00","guid":{"rendered":"https:\/\/yas31.com\/?p=40016"},"modified":"2025-01-08T14:56:00","modified_gmt":"2025-01-08T17:56:00","slug":"adidas-e-mercedes-amg-petronas-f1-team-parceria-multianual-que-vai-redefinir-o-estilo-da-formula-1","status":"publish","type":"post","link":"https:\/\/yas31.com\/?p=40016","title":{"rendered":"adidas e Mercedes-AMG PETRONAS F1 Team: parceria multianual que vai redefinir o estilo da F\u00f3rmula 1"},"content":{"rendered":"\n<p class=\"wp-block-paragraph\">A <strong><span style=\"text-decoration: underline;\"><a href=\"https:\/\/yas31.com\/tag\/adidas\/\">adidas<\/a><\/span><\/strong> oficializou sua parceria multianual com a equipe <strong>Mercedes-AMG PETRONAS F1 Team<\/strong>, unindo duas lendas em uma colabora\u00e7\u00e3o que vai mudar o jogo na <strong><span style=\"text-decoration: underline;\"><a href=\"https:\/\/yas31.com\/tag\/Formula-1\/\">F\u00f3rmula 1<\/a><\/span><\/strong> \u2013 um dos esportes que mais cresce no mundo. A parceria vai come\u00e7ar com tudo em 2025, trazendo uma linha completa de vestu\u00e1rio, cal\u00e7ados e acess\u00f3rios com a assinatura de duas das maiores for\u00e7as do automobilismo e da moda.<\/p>\n\n\n\n<p class=\"wp-block-paragraph\">A primeira cole\u00e7\u00e3o <strong>adidas x Mercedes-AMG PETRONAS F1 Team<\/strong> chega em fevereiro de 2025, com pe\u00e7as exclusivas para os membros da equipe, incluindo pilotos, mec\u00e2nicos e engenheiros. A grande novidade \u00e9 que a adidas vai criar <em>kits<\/em> personalizados para cada papel da equipe, um conceito que ser\u00e1 estendido tamb\u00e9m para os f\u00e3s, com edi\u00e7\u00f5es limitadas e drops especiais. A adidas, que tem 75 anos de hist\u00f3ria apoiando atletas no topo de suas modalidades, traz toda sua expertise em performance para essa colabora\u00e7\u00e3o, que promete quebrar barreiras no universo do <em>motorsport<\/em>.<\/p>\n\n\n\n<p class=\"wp-block-paragraph\"><strong>Bj\u00f8rn Gulden<\/strong>, C<em>EO<\/em> da adidas, se mostrou empolgado com a volta da marca ao mundo dos esportes a motor:<strong> \u201cEstamos muito felizes de retornar ao mundo da F\u00f3rmula 1. O interesse por esse esporte, especialmente a F1, tem crescido muito. Est\u00e1 alcan\u00e7ando novos consumidores e influenciando tanto o esporte quanto a cultura de rua. Estamos extremamente orgulhosos de introduzir as Tr\u00eas Listras na F1 como Official Team Partner da Mercedes-AMG PETRONAS F1 Team \u2013 uma das equipes mais bem-sucedidas de todos os tempos. Juntos, compartilhamos a paix\u00e3o pela velocidade, inova\u00e7\u00e3o e performance. Vamos apoiar os pilotos e a equipe para superarem os limites na pista. Fora dela, traremos uma nova perspectiva para o esporte com produtos lifestyle emocionantes, atingindo uma nova gera\u00e7\u00e3o de f\u00e3s. Estamos ansiosos para apoiar a Mercedes-AMG PETRONAS F1 e conquistar juntos\u201d.<\/strong><\/p>\n\n\n\n<p class=\"wp-block-paragraph\"><strong>Toto Wolff<\/strong>, <em>CEO<\/em> da Mercedes-AMG PETRONAS F1 Team, comentou sobre a import\u00e2ncia da parceria: <strong>&#8220;Nosso acordo com a adidas \u00e9 uma declara\u00e7\u00e3o clara das nossas inten\u00e7\u00f5es ao come\u00e7armos o pr\u00f3ximo cap\u00edtulo da nossa equipe. A adidas \u00e9 uma marca ic\u00f4nica, que compartilha n\u00e3o s\u00f3 a nossa dedica\u00e7\u00e3o \u00e0 performance de alto n\u00edvel, mas tamb\u00e9m ao estilo e sofistica\u00e7\u00e3o. Esta parceria vai redefinir o que significa vestir a equipe e os f\u00e3s na F1, e estamos ansiosos para trabalhar com a adidas enquanto juntos lutamos por campeonatos mundiais\u201d.<\/strong><\/p>\n\n\n\n<p class=\"wp-block-paragraph\">Essa parceria vai muito al\u00e9m da pista. <strong>Richard Sanders<\/strong>, Chief Commercial Officer da Mercedes-AMG PETRONAS F1 Team, destacou: <strong>\u201cPerformance est\u00e1 no centro de tudo o que fazemos. A adidas compartilha desse valor, e \u00e9 uma honra trazer essa marca ic\u00f4nica para a F1. Juntos, vamos reinventar o conceito de teamwear, e nossa colabora\u00e7\u00e3o vai trazer uma energia renovada para nossas cole\u00e7\u00f5es de fanwear. A F1 est\u00e1 em uma onda cultural crescente, e vamos aproveitar isso para engajar nossa base de f\u00e3s leal e atrair novos p\u00fablicos\u201d.<\/strong><\/p>\n\n\n\n<p class=\"wp-block-paragraph\">Prepare-se para o lan\u00e7amento da cole\u00e7\u00e3o <strong>adidas x Mercedes-AMG PETRONAS F1 Team<\/strong> em fevereiro. A linha estar\u00e1 dispon\u00edvel para compra no <span style=\"text-decoration: underline;\"><a href=\"http:\/\/adidas.com\/motorsports\" target=\"_blank\" rel=\"noreferrer noopener\">site da adidas<\/a><\/span>, no site da <span style=\"text-decoration: underline;\"><a href=\"https:\/\/www.mercedesamgf1.com\/\" target=\"_blank\" rel=\"noreferrer noopener\">Mercedes-AMG F1<\/a><\/span> e em pontos de venda selecionados ao redor do mundo.<\/p>\n\n\n\n<p class=\"wp-block-paragraph\"><\/p>\n","protected":false},"excerpt":{"rendered":"<p>A adidas oficializou sua parceria multianual com a equipe Mercedes-AMG PETRONAS F1 Team, unindo duas lendas em uma colabora\u00e7\u00e3o que vai mudar o jogo na F\u00f3rmula 1 \u2013 um dos esportes que mais cresce no mundo. A parceria vai come\u00e7ar com tudo em 2025, trazendo uma linha completa de vestu\u00e1rio, cal\u00e7ados e acess\u00f3rios com a assinatura de duas das maiores for\u00e7as do automobilismo e da moda. A primeira cole\u00e7\u00e3o adidas x Mercedes-AMG PETRONAS F1 Team chega em fevereiro de 2025, com pe\u00e7as exclusivas para os membros da equipe, incluindo pilotos, mec\u00e2nicos e engenheiros. A grande novidade \u00e9 que a adidas [&hellip;]<\/p>\n","protected":false},"author":1,"featured_media":40017,"comment_status":"open","ping_status":"open","sticky":false,"template":"","format":"standard","meta":{"_jetpack_newsletter_access":"","_jetpack_dont_email_post_to_subs":false,"_jetpack_newsletter_tier_id":0,"_jetpack_memberships_contains_paywalled_content":false,"_jetpack_feature_clip_id":0,"_jetpack_memberships_contains_paid_content":false,"footnotes":"","jetpack_post_was_ever_published":false},"categories":[14],"tags":[26,242,243,1245],"class_list":["post-40016","post","type-post","status-publish","format-standard","has-post-thumbnail","hentry","category-moda","tag-adidas","tag-f1","tag-formula-1","tag-mercedes-amg-petronas","post--single"],"jetpack_featured_media_url":"","jetpack_sharing_enabled":true,"_links":{"self":[{"href":"https:\/\/yas31.com\/index.php?rest_route=\/wp\/v2\/posts\/40016","targetHints":{"allow":["GET"]}}],"collection":[{"href":"https:\/\/yas31.com\/index.php?rest_route=\/wp\/v2\/posts"}],"about":[{"href":"https:\/\/yas31.com\/index.php?rest_route=\/wp\/v2\/types\/post"}],"author":[{"embeddable":true,"href":"https:\/\/yas31.com\/index.php?rest_route=\/wp\/v2\/users\/1"}],"replies":[{"embeddable":true,"href":"https:\/\/yas31.com\/index.php?rest_route=%2Fwp%2Fv2%2Fcomments&post=40016"}],"version-history":[{"count":0,"href":"https:\/\/yas31.com\/index.php?rest_route=\/wp\/v2\/posts\/40016\/revisions"}],"wp:attachment":[{"href":"https:\/\/yas31.com\/index.php?rest_route=%2Fwp%2Fv2%2Fmedia&parent=40016"}],"wp:term":[{"taxonomy":"category","embeddable":true,"href":"https:\/\/yas31.com\/index.php?rest_route=%2Fwp%2Fv2%2Fcategories&post=40016"},{"taxonomy":"post_tag","embeddable":true,"href":"https:\/\/yas31.com\/index.php?rest_route=%2Fwp%2Fv2%2Ftags&post=40016"}],"curies":[{"name":"wp","href":"https:\/\/api.w.org\/{rel}","templated":true}]}}