{"id":35318,"date":"2026-01-10T05:28:58","date_gmt":"2026-01-10T05:28:58","guid":{"rendered":"https:\/\/yas31.com\/?p=35318"},"modified":"2026-01-10T13:15:20","modified_gmt":"2026-01-10T13:15:20","slug":"encontro-marcado-com-artivist","status":"publish","type":"post","link":"https:\/\/yas31.com\/?p=35318","title":{"rendered":"Encontro MARCAdo com Artivist"},"content":{"rendered":"<div class=\"wp-block-image\">\r\n<figure class=\"alignleft size-large is-resized\"><img loading=\"lazy\" decoding=\"async\" class=\"aligncenter size-full wp-image-52664\" src=\"https:\/\/yas31.com\/wp-content\/uploads\/2025\/01\/download-8.png\" alt=\"\" width=\"1280\" height=\"720\" \/>No cora\u00e7\u00e3o de Blumenau, Santa Catarina, nasceu uma ideia que transcende o conceito de roupa: a <strong><em><span style=\"text-decoration: underline;\"><a href=\"https:\/\/artivist.com.br\/\" target=\"_blank\" rel=\"noreferrer noopener\">Artivist Infinite Wear<\/a><\/span><\/em>.<\/strong> Muito mais do que uma marca de <em>streetwear<\/em>, ela representa autoexpress\u00e3o em sua forma mais pura, misturando arte, m\u00fasica e uma vis\u00e3o \u00fanica de protesto e autenticidade. Para <strong>Jorge<\/strong>, cofundador da <strong>Artivist<\/strong>, cada pe\u00e7a \u00e9 um manifesto, uma forma de questionar o<em> status quo<\/em> e se conectar com pessoas que compartilham essa vis\u00e3o.<\/figure>\r\n<\/div>\r\n\r\n\r\n\r\n\r\n<p class=\"wp-block-paragraph\"><strong>\u201cA <em>Aritvist <\/em>surgiu da necessidade de criar algo que refletisse quem somos e como enxergamos o mundo\u201d,<\/strong> conta Jorge. <strong>\u201cO nome veio de uma mistura de &#8216;artista&#8217; e &#8216;ativista&#8217;, que define perfeitamente nosso prop\u00f3sito. Meu parceiro Jean e eu sempre tivemos conversas profundas sobre m\u00fasica, arte e at\u00e9 mesmo extraterrestres\u201d<\/strong>, brinca ele, referindo-se ao conceito do Yin-Yang que comp\u00f5e a logo da marca.<\/p>\r\n\r\n\r\n\r\n<blockquote class=\"wp-block-quote is-layout-flow wp-block-quote-is-layout-flow\">\r\n<p class=\"wp-block-paragraph\">Quer\u00edamos que o nome fosse uma jun\u00e7\u00e3o dessa busca pelo equil\u00edbrio e a for\u00e7a de nossas mensagens. E assim surgiu a Artivist.&#8221;<\/p>\r\n<\/blockquote>\r\n\r\n\r\n\r\n<p class=\"wp-block-paragraph\">Desde suas ra\u00edzes, a <strong>Artivist <\/strong>sempre foi mais do que roupas. Ela encontrou espa\u00e7o entre m\u00fasicos, produtores e artistas, todos apaixonados pela mensagem que a marca transmitia. Nomes como <strong>Daniel Ganjaman, KL Jay e Criolo<\/strong> foram alguns dos primeiros a vestir as pe\u00e7as, impulsionando a marca no cen\u00e1rio do <em>streetwear<\/em> com autenticidade. <strong>\u201cN\u00f3s n\u00e3o come\u00e7amos para vender camisetas, mas para expressar algo maior. Cada pe\u00e7a \u00e9 pensada para ressoar com quem a veste\u201d<\/strong>, diz Jorge.<\/p>\r\n<p><span style=\"font-size: 1.21429rem;\">A caminhada da <\/span><strong style=\"font-size: 1.21429rem;\">Artivist<\/strong><span style=\"font-size: 1.21429rem;\"> \u00e9 marcada por cole\u00e7\u00f5es impactantes como <\/span><em style=\"font-size: 1.21429rem;\"><strong>Killuminati<\/strong><\/em><span style=\"font-size: 1.21429rem;\">, uma refer\u00eancia ao \u00e1lbum de <\/span><strong style=\"font-size: 1.21429rem;\">Tupac<\/strong><span style=\"font-size: 1.21429rem;\"> e um protesto simb\u00f3lico contra sistemas opressivos, e a mais recente cole\u00e7\u00e3o, <\/span><em style=\"font-size: 1.21429rem;\"><strong>Fusion<\/strong><\/em><span style=\"font-size: 1.21429rem;\">, que traz uma fus\u00e3o dos diversos manifestos da marca.<\/span><\/p>\r\n\r\n\r\n\r\n<blockquote class=\"wp-block-quote is-layout-flow wp-block-quote-is-layout-flow\">\r\n<p class=\"wp-block-paragraph\">A <em>Fusion<\/em> \u00e9 um mix de tudo o que acreditamos \u2014 voc\u00ea vai ver elementos de m\u00fasica, estudos em geometria sagrada e at\u00e9 refer\u00eancias de avistamentos extraterrestres em Los Angeles, que tamb\u00e9m inspiraram a Batalha de Los Angeles, do Rage Against the Machine\u201d.<\/p>\r\n<\/blockquote>\r\n\r\n\r\n<div class=\"wp-block-image\">\r\n<figure class=\"alignright size-large is-resized\"><img decoding=\"async\" class=\"wp-image-35365\" style=\"width: 237px; height: auto;\" src=\"https:\/\/yas31.com\/wp-content\/uploads\/2024\/10\/772D3C23-8722-4F8E-BFD6-3A21C17264DC-819x1024.jpeg\" alt=\"\" \/><\/figure>\r\n<\/div>\r\n\r\n\r\n<p class=\"wp-block-paragraph\">Com um foco em cores vibrantes, a Artivist sempre se destacou por n\u00e3o seguir a onda minimalista que dominou o <em>streetwear.<\/em> <strong>\u201cN\u00f3s amamos cores! Do azul <em>royal<\/em> ao rosa, do marrom estonado ao laranja, acreditamos que cada cor tem um significado e uma hist\u00f3ria a contar\u201d<\/strong>, explica Jorge.<\/p>\r\n\r\n\r\n\r\n<p class=\"wp-block-paragraph\">Recentemente, a marca firmou uma parceria empolgante com o artista de BH, <strong>Oreia<\/strong>, conhecido por sua est\u00e9tica ousada e expressiva, e <strong>Tosko<\/strong>, um artista de Santa Catarina com um estilo an\u00e1rquico e criativo. Juntos, eles criaram uma estampa \u00fanica para a nova cole\u00e7\u00e3o da Artivist, que tamb\u00e9m conta com colabora\u00e7\u00f5es com marcas como <strong>Bem Bolado<\/strong>. <strong>\u201cEssa colabora\u00e7\u00e3o com Oreia e Tosko representa exatamente o que queremos com a <em>Artivist<\/em>: fus\u00e3o de ideias, estilos e a busca por algo aut\u00eantico\u201d<\/strong>, ressalta Jorge. Hoje, a <strong>Artivist <\/strong>se v\u00ea como uma marca global, que transcende fronteiras.<\/p>\r\n\r\n\r\n\r\n<blockquote class=\"wp-block-quote is-layout-flow wp-block-quote-is-layout-flow\">\r\n<p class=\"wp-block-paragraph\">Nosso prop\u00f3sito \u00e9 comunicar com o mundo inteiro. O ingl\u00eas \u00e9 a l\u00edngua universal, ent\u00e3o acreditamos que usar isso ajuda nossa mensagem a ir mais longe. Mas o que mais importa \u00e9 como cada pessoa usa a <em>Artivist<\/em> para se expressar. N\u00e3o estamos ditando as regras \u2014 estamos criando espa\u00e7o para que as pessoas sejam aut\u00eanticas\u201d.<\/p>\r\n<\/blockquote>\r\n\r\n\r\n\r\n<p class=\"wp-block-paragraph\"><strong>Encontro MARCAdo<\/strong> com a <strong>Artivist<\/strong> \u00e9 mais do que um simples di\u00e1logo sobre moda. \u00c9 uma jornada para descobrir como a roupa pode ser um meio de transforma\u00e7\u00e3o, de protesto e, acima de tudo, de conex\u00e3o com o mundo. Com novas cole\u00e7\u00f5es e colabora\u00e7\u00f5es surgindo, a <em><strong>Artivist Infinite Wear<\/strong><\/em> continua a construir sua hist\u00f3ria com for\u00e7a, paix\u00e3o e uma clara miss\u00e3o: dar voz \u00e0queles que t\u00eam algo a dizer.<\/p>\r\n\r\n\r\n\r\n<figure class=\"wp-block-embed is-type-video is-provider-youtube wp-block-embed-youtube wp-embed-aspect-16-9 wp-has-aspect-ratio\">\r\n<div class=\"wp-block-embed__wrapper\"><br \/>\r\n<p><div class=\"atbs-ceris-responsive-video\"><iframe loading=\"lazy\" title=\"THE YAS Encontro (marca)do - ARTIVIST\" width=\"1200\" height=\"675\" src=\"https:\/\/www.youtube.com\/embed\/RqGyRJiMsBQ?feature=oembed\" frameborder=\"0\" allow=\"accelerometer; autoplay; clipboard-write; encrypted-media; gyroscope; picture-in-picture; web-share\" referrerpolicy=\"strict-origin-when-cross-origin\" allowfullscreen><\/iframe><\/div><\/p>\r\n<\/div>\r\n<\/figure>\r\n<div>\u00a0<\/div>\r\n<figure class=\"wp-block-embed is-type-video is-provider-youtube wp-block-embed-youtube wp-embed-aspect-16-9 wp-has-aspect-ratio\">\r\n<div>\u00a0<\/div>\r\n<\/figure>\r\n","protected":false},"excerpt":{"rendered":"<p>\u201cA Aritvist surgiu da necessidade de criar algo que refletisse quem somos e como enxergamos o mundo\u201d, conta Jorge. \u201cO nome veio de uma mistura de &#8216;artista&#8217; e &#8216;ativista&#8217;, que define perfeitamente nosso prop\u00f3sito. Meu parceiro Jean e eu sempre tivemos conversas profundas sobre m\u00fasica, arte e at\u00e9 mesmo extraterrestres\u201d, brinca ele, referindo-se ao conceito do Yin-Yang que comp\u00f5e a logo da marca. Quer\u00edamos que o nome fosse uma jun\u00e7\u00e3o dessa busca pelo equil\u00edbrio e a for\u00e7a de nossas mensagens. E assim surgiu a Artivist.&#8221; Desde suas ra\u00edzes, a Artivist sempre foi mais do que roupas. Ela encontrou espa\u00e7o entre [&hellip;]<\/p>\n","protected":false},"author":1,"featured_media":52664,"comment_status":"open","ping_status":"open","sticky":false,"template":"","format":"standard","meta":{"_jetpack_newsletter_access":"","_jetpack_dont_email_post_to_subs":false,"_jetpack_newsletter_tier_id":0,"_jetpack_memberships_contains_paywalled_content":false,"_jetpack_feature_clip_id":0,"_jetpack_memberships_contains_paid_content":false,"footnotes":"","jetpack_post_was_ever_published":false},"categories":[817,14],"tags":[1231,1232],"class_list":["post-35318","post","type-post","status-publish","format-standard","has-post-thumbnail","hentry","category-destaque","category-moda","tag-artivist","tag-artivist-infinite-wear","post--single"],"jetpack_featured_media_url":"https:\/\/yas31.com\/wp-content\/uploads\/2025\/01\/download-8.png","jetpack_sharing_enabled":true,"_links":{"self":[{"href":"https:\/\/yas31.com\/index.php?rest_route=\/wp\/v2\/posts\/35318","targetHints":{"allow":["GET"]}}],"collection":[{"href":"https:\/\/yas31.com\/index.php?rest_route=\/wp\/v2\/posts"}],"about":[{"href":"https:\/\/yas31.com\/index.php?rest_route=\/wp\/v2\/types\/post"}],"author":[{"embeddable":true,"href":"https:\/\/yas31.com\/index.php?rest_route=\/wp\/v2\/users\/1"}],"replies":[{"embeddable":true,"href":"https:\/\/yas31.com\/index.php?rest_route=%2Fwp%2Fv2%2Fcomments&post=35318"}],"version-history":[{"count":5,"href":"https:\/\/yas31.com\/index.php?rest_route=\/wp\/v2\/posts\/35318\/revisions"}],"predecessor-version":[{"id":52668,"href":"https:\/\/yas31.com\/index.php?rest_route=\/wp\/v2\/posts\/35318\/revisions\/52668"}],"wp:featuredmedia":[{"embeddable":true,"href":"https:\/\/yas31.com\/index.php?rest_route=\/wp\/v2\/media\/52664"}],"wp:attachment":[{"href":"https:\/\/yas31.com\/index.php?rest_route=%2Fwp%2Fv2%2Fmedia&parent=35318"}],"wp:term":[{"taxonomy":"category","embeddable":true,"href":"https:\/\/yas31.com\/index.php?rest_route=%2Fwp%2Fv2%2Fcategories&post=35318"},{"taxonomy":"post_tag","embeddable":true,"href":"https:\/\/yas31.com\/index.php?rest_route=%2Fwp%2Fv2%2Ftags&post=35318"}],"curies":[{"name":"wp","href":"https:\/\/api.w.org\/{rel}","templated":true}]}}