{"id":33013,"date":"2024-09-20T23:15:04","date_gmt":"2024-09-21T02:15:04","guid":{"rendered":"https:\/\/streetflowbr.com\/?p=33013"},"modified":"2024-09-20T23:15:04","modified_gmt":"2024-09-21T02:15:04","slug":"mercedes-benz-escolhe-bradley-cooper-para-promover-o-g-class-eletrico","status":"publish","type":"post","link":"https:\/\/yas31.com\/?p=33013","title":{"rendered":"Mercedes-Benz escolhe Bradley Cooper para promover o G-Class el\u00e9trico"},"content":{"rendered":"\n<p class=\"wp-block-paragraph\"><strong><span style=\"text-decoration: underline;\"><a href=\"https:\/\/streetflowbr.com\/tag\/Mercedes-Benz\/\">Mercedes-Benz<\/a><\/span><\/strong> lan\u00e7ou uma nova campanha global estrelada pelo ator e diretor de Hollywood <strong>Bradley Cooper<\/strong>, promovendo o <strong>G 580 com Tecnologia EQ<\/strong>, a primeira vers\u00e3o totalmente el\u00e9trica do ic\u00f4nico <strong>G-Class<\/strong>. Intitulada <strong>\u201cThe Rise of Electric\u201d<\/strong>, a campanha destaca a versatilidade do ve\u00edculo tanto em terrenos <em>off-road<\/em> quanto em ambientes urbanos.<\/p>\n\n\n\n<p class=\"wp-block-paragraph\">O centro da campanha \u00e9 um filme curto com Cooper, que \u00e9 um entusiasta de longa data do G-Class. O filme explora a ess\u00eancia do modelo com uma sequ\u00eancia dram\u00e1tica de a\u00e7\u00e3o, enfatizando o poder do G-Class de permitir que seus motoristas enfrentem qualquer terreno e trilhem seu pr\u00f3prio caminho. Cooper comentou na estreia em Los Angeles: <strong>\u201cPara mim, sempre foi mais que um carro: tem sido um companheiro em todas as aventuras\u201d.<\/strong><\/p>\n\n\n\n<p class=\"wp-block-paragraph\">O <strong>G 580<\/strong> el\u00e9trico une a tradi\u00e7\u00e3o da <strong>Mercedes-Benz <\/strong>com tecnologia de ponta, apresentando quatro motores el\u00e9tricos controlados individualmente. A trilha sonora da campanha \u00e9 uma vers\u00e3o reimaginada do cl\u00e1ssico <em>hit<\/em> <strong>\u201cAin\u2019t No Mountain High Enough\u201d<\/strong>, refor\u00e7ando o esp\u00edrito inabal\u00e1vel do ve\u00edculo. Confira o v\u00eddeo da campanha abaixo.<\/p>\n\n\n\n<figure class=\"wp-block-embed is-type-video is-provider-youtube wp-block-embed-youtube wp-embed-aspect-16-9 wp-has-aspect-ratio\"><div class=\"wp-block-embed__wrapper\">\n<iframe loading=\"lazy\" title=\"The Rise of Electric. The electric G-Class x Bradley Cooper.\" width=\"1200\" height=\"675\" src=\"https:\/\/www.youtube.com\/embed\/hr2gRdnr8Rw?feature=oembed\" frameborder=\"0\" allow=\"accelerometer; autoplay; clipboard-write; encrypted-media; gyroscope; picture-in-picture; web-share\" referrerpolicy=\"strict-origin-when-cross-origin\" allowfullscreen><\/iframe>\n<\/div><\/figure>\n\n\n\n<div class=\"wp-block-jetpack-tiled-gallery aligncenter is-style-rectangular\"><div class=\"\"><div class=\"tiled-gallery__gallery\"><div class=\"tiled-gallery__row\"><div class=\"tiled-gallery__col\" style=\"flex-basis:66.76552%\"><figure class=\"tiled-gallery__item\"><img decoding=\"async\" srcset=\"https:\/\/i1.wp.com\/streetflowbr.com\/wp-content\/uploads\/2024\/09\/mercedes-benz-x-bradley-cooper-electric-g-class-01-1024x682.jpg?strip=info&#038;w=600&#038;ssl=1 600w,https:\/\/i1.wp.com\/streetflowbr.com\/wp-content\/uploads\/2024\/09\/mercedes-benz-x-bradley-cooper-electric-g-class-01-1024x682.jpg?strip=info&#038;w=900&#038;ssl=1 900w,https:\/\/i1.wp.com\/streetflowbr.com\/wp-content\/uploads\/2024\/09\/mercedes-benz-x-bradley-cooper-electric-g-class-01-1024x682.jpg?strip=info&#038;w=1200&#038;ssl=1 1200w,https:\/\/i1.wp.com\/streetflowbr.com\/wp-content\/uploads\/2024\/09\/mercedes-benz-x-bradley-cooper-electric-g-class-01-1024x682.jpg?strip=info&#038;w=1280&#038;ssl=1 1280w\" alt=\"\" data-height=\"853\" data-id=\"33015\" data-link=\"https:\/\/streetflowbr.com\/?attachment_id=33015\" data-url=\"https:\/\/streetflowbr.com\/wp-content\/uploads\/2024\/09\/mercedes-benz-x-bradley-cooper-electric-g-class-01-1024x682.jpg\" data-width=\"1280\" src=\"https:\/\/i1.wp.com\/streetflowbr.com\/wp-content\/uploads\/2024\/09\/mercedes-benz-x-bradley-cooper-electric-g-class-01-1024x682.jpg?ssl=1\" data-amp-layout=\"responsive\" tabindex=\"0\" role=\"button\" aria-label=\"Abrir imagem 1 de 6 em tela cheia\"\/><\/figure><\/div><div class=\"tiled-gallery__col\" style=\"flex-basis:33.23448%\"><figure class=\"tiled-gallery__item\"><img decoding=\"async\" srcset=\"https:\/\/i2.wp.com\/streetflowbr.com\/wp-content\/uploads\/2024\/09\/mercedes-benz-x-bradley-cooper-electric-g-class-02-1024x682.jpg?strip=info&#038;w=600&#038;ssl=1 600w,https:\/\/i2.wp.com\/streetflowbr.com\/wp-content\/uploads\/2024\/09\/mercedes-benz-x-bradley-cooper-electric-g-class-02-1024x682.jpg?strip=info&#038;w=900&#038;ssl=1 900w,https:\/\/i2.wp.com\/streetflowbr.com\/wp-content\/uploads\/2024\/09\/mercedes-benz-x-bradley-cooper-electric-g-class-02-1024x682.jpg?strip=info&#038;w=1200&#038;ssl=1 1200w,https:\/\/i2.wp.com\/streetflowbr.com\/wp-content\/uploads\/2024\/09\/mercedes-benz-x-bradley-cooper-electric-g-class-02-1024x682.jpg?strip=info&#038;w=1280&#038;ssl=1 1280w\" alt=\"\" data-height=\"853\" data-id=\"33016\" data-link=\"https:\/\/streetflowbr.com\/?attachment_id=33016\" data-url=\"https:\/\/streetflowbr.com\/wp-content\/uploads\/2024\/09\/mercedes-benz-x-bradley-cooper-electric-g-class-02-1024x682.jpg\" data-width=\"1280\" src=\"https:\/\/i2.wp.com\/streetflowbr.com\/wp-content\/uploads\/2024\/09\/mercedes-benz-x-bradley-cooper-electric-g-class-02-1024x682.jpg?ssl=1\" data-amp-layout=\"responsive\" tabindex=\"0\" role=\"button\" aria-label=\"Abrir imagem 2 de 6 em tela cheia\"\/><\/figure><figure class=\"tiled-gallery__item\"><img decoding=\"async\" srcset=\"https:\/\/i1.wp.com\/streetflowbr.com\/wp-content\/uploads\/2024\/09\/mercedes-benz-x-bradley-cooper-electric-g-class-03-1024x682.jpg?strip=info&#038;w=600&#038;ssl=1 600w,https:\/\/i1.wp.com\/streetflowbr.com\/wp-content\/uploads\/2024\/09\/mercedes-benz-x-bradley-cooper-electric-g-class-03-1024x682.jpg?strip=info&#038;w=900&#038;ssl=1 900w,https:\/\/i1.wp.com\/streetflowbr.com\/wp-content\/uploads\/2024\/09\/mercedes-benz-x-bradley-cooper-electric-g-class-03-1024x682.jpg?strip=info&#038;w=1200&#038;ssl=1 1200w,https:\/\/i1.wp.com\/streetflowbr.com\/wp-content\/uploads\/2024\/09\/mercedes-benz-x-bradley-cooper-electric-g-class-03-1024x682.jpg?strip=info&#038;w=1280&#038;ssl=1 1280w\" alt=\"\" data-height=\"853\" data-id=\"33017\" data-link=\"https:\/\/streetflowbr.com\/?attachment_id=33017\" data-url=\"https:\/\/streetflowbr.com\/wp-content\/uploads\/2024\/09\/mercedes-benz-x-bradley-cooper-electric-g-class-03-1024x682.jpg\" data-width=\"1280\" src=\"https:\/\/i1.wp.com\/streetflowbr.com\/wp-content\/uploads\/2024\/09\/mercedes-benz-x-bradley-cooper-electric-g-class-03-1024x682.jpg?ssl=1\" data-amp-layout=\"responsive\" tabindex=\"0\" role=\"button\" aria-label=\"Abrir imagem 3 de 6 em tela cheia\"\/><\/figure><\/div><\/div><div class=\"tiled-gallery__row\"><div class=\"tiled-gallery__col\" style=\"flex-basis:33.33333%\"><figure class=\"tiled-gallery__item\"><img decoding=\"async\" srcset=\"https:\/\/i0.wp.com\/streetflowbr.com\/wp-content\/uploads\/2024\/09\/mercedes-benz-x-bradley-cooper-electric-g-class-04-1024x682.jpg?strip=info&#038;w=600&#038;ssl=1 600w,https:\/\/i0.wp.com\/streetflowbr.com\/wp-content\/uploads\/2024\/09\/mercedes-benz-x-bradley-cooper-electric-g-class-04-1024x682.jpg?strip=info&#038;w=900&#038;ssl=1 900w,https:\/\/i0.wp.com\/streetflowbr.com\/wp-content\/uploads\/2024\/09\/mercedes-benz-x-bradley-cooper-electric-g-class-04-1024x682.jpg?strip=info&#038;w=1200&#038;ssl=1 1200w,https:\/\/i0.wp.com\/streetflowbr.com\/wp-content\/uploads\/2024\/09\/mercedes-benz-x-bradley-cooper-electric-g-class-04-1024x682.jpg?strip=info&#038;w=1280&#038;ssl=1 1280w\" alt=\"\" data-height=\"853\" data-id=\"33018\" data-link=\"https:\/\/streetflowbr.com\/?attachment_id=33018\" data-url=\"https:\/\/streetflowbr.com\/wp-content\/uploads\/2024\/09\/mercedes-benz-x-bradley-cooper-electric-g-class-04-1024x682.jpg\" data-width=\"1280\" src=\"https:\/\/i0.wp.com\/streetflowbr.com\/wp-content\/uploads\/2024\/09\/mercedes-benz-x-bradley-cooper-electric-g-class-04-1024x682.jpg?ssl=1\" data-amp-layout=\"responsive\" tabindex=\"0\" role=\"button\" aria-label=\"Abrir imagem 4 de 6 em tela cheia\"\/><\/figure><\/div><div class=\"tiled-gallery__col\" style=\"flex-basis:33.33333%\"><figure class=\"tiled-gallery__item\"><img decoding=\"async\" srcset=\"https:\/\/i0.wp.com\/streetflowbr.com\/wp-content\/uploads\/2024\/09\/mercedes-benz-x-bradley-cooper-electric-g-class-05-1024x682.jpg?strip=info&#038;w=600&#038;ssl=1 600w,https:\/\/i0.wp.com\/streetflowbr.com\/wp-content\/uploads\/2024\/09\/mercedes-benz-x-bradley-cooper-electric-g-class-05-1024x682.jpg?strip=info&#038;w=900&#038;ssl=1 900w,https:\/\/i0.wp.com\/streetflowbr.com\/wp-content\/uploads\/2024\/09\/mercedes-benz-x-bradley-cooper-electric-g-class-05-1024x682.jpg?strip=info&#038;w=1200&#038;ssl=1 1200w,https:\/\/i0.wp.com\/streetflowbr.com\/wp-content\/uploads\/2024\/09\/mercedes-benz-x-bradley-cooper-electric-g-class-05-1024x682.jpg?strip=info&#038;w=1280&#038;ssl=1 1280w\" alt=\"\" data-height=\"853\" data-id=\"33019\" data-link=\"https:\/\/streetflowbr.com\/?attachment_id=33019\" data-url=\"https:\/\/streetflowbr.com\/wp-content\/uploads\/2024\/09\/mercedes-benz-x-bradley-cooper-electric-g-class-05-1024x682.jpg\" data-width=\"1280\" src=\"https:\/\/i0.wp.com\/streetflowbr.com\/wp-content\/uploads\/2024\/09\/mercedes-benz-x-bradley-cooper-electric-g-class-05-1024x682.jpg?ssl=1\" data-amp-layout=\"responsive\" tabindex=\"0\" role=\"button\" aria-label=\"Abrir imagem 5 de 6 em tela cheia\"\/><\/figure><\/div><div class=\"tiled-gallery__col\" style=\"flex-basis:33.33333%\"><figure class=\"tiled-gallery__item\"><img decoding=\"async\" srcset=\"https:\/\/i0.wp.com\/streetflowbr.com\/wp-content\/uploads\/2024\/09\/mercedes-benz-x-bradley-cooper-electric-g-class-06-1024x682.jpg?strip=info&#038;w=600&#038;ssl=1 600w,https:\/\/i0.wp.com\/streetflowbr.com\/wp-content\/uploads\/2024\/09\/mercedes-benz-x-bradley-cooper-electric-g-class-06-1024x682.jpg?strip=info&#038;w=900&#038;ssl=1 900w,https:\/\/i0.wp.com\/streetflowbr.com\/wp-content\/uploads\/2024\/09\/mercedes-benz-x-bradley-cooper-electric-g-class-06-1024x682.jpg?strip=info&#038;w=1200&#038;ssl=1 1200w,https:\/\/i0.wp.com\/streetflowbr.com\/wp-content\/uploads\/2024\/09\/mercedes-benz-x-bradley-cooper-electric-g-class-06-1024x682.jpg?strip=info&#038;w=1280&#038;ssl=1 1280w\" alt=\"\" data-height=\"853\" data-id=\"33020\" data-link=\"https:\/\/streetflowbr.com\/?attachment_id=33020\" data-url=\"https:\/\/streetflowbr.com\/wp-content\/uploads\/2024\/09\/mercedes-benz-x-bradley-cooper-electric-g-class-06-1024x682.jpg\" data-width=\"1280\" src=\"https:\/\/i0.wp.com\/streetflowbr.com\/wp-content\/uploads\/2024\/09\/mercedes-benz-x-bradley-cooper-electric-g-class-06-1024x682.jpg?ssl=1\" data-amp-layout=\"responsive\" tabindex=\"0\" role=\"button\" aria-label=\"Abrir imagem 6 de 6 em tela cheia\"\/><\/figure><\/div><\/div><\/div><\/div><\/div>\n","protected":false},"excerpt":{"rendered":"<p>Mercedes-Benz lan\u00e7ou uma nova campanha global estrelada pelo ator e diretor de Hollywood Bradley Cooper, promovendo o G 580 com Tecnologia EQ, a primeira vers\u00e3o totalmente el\u00e9trica do ic\u00f4nico G-Class. Intitulada \u201cThe Rise of Electric\u201d, a campanha destaca a versatilidade do ve\u00edculo tanto em terrenos off-road quanto em ambientes urbanos. O centro da campanha \u00e9 um filme curto com Cooper, que \u00e9 um entusiasta de longa data do G-Class. O filme explora a ess\u00eancia do modelo com uma sequ\u00eancia dram\u00e1tica de a\u00e7\u00e3o, enfatizando o poder do G-Class de permitir que seus motoristas enfrentem qualquer terreno e trilhem seu pr\u00f3prio caminho. [&hellip;]<\/p>\n","protected":false},"author":1,"featured_media":33271,"comment_status":"open","ping_status":"open","sticky":false,"template":"","format":"standard","meta":{"_jetpack_newsletter_access":"","_jetpack_dont_email_post_to_subs":false,"_jetpack_newsletter_tier_id":0,"_jetpack_memberships_contains_paywalled_content":false,"_jetpack_feature_clip_id":0,"_jetpack_memberships_contains_paid_content":false,"footnotes":"","jetpack_post_was_ever_published":false},"categories":[59],"tags":[1066,627],"class_list":["post-33013","post","type-post","status-publish","format-standard","has-post-thumbnail","hentry","category-automoveis","tag-bradley-cooper","tag-mercedes-benz","post--single"],"jetpack_featured_media_url":"","jetpack_sharing_enabled":true,"_links":{"self":[{"href":"https:\/\/yas31.com\/index.php?rest_route=\/wp\/v2\/posts\/33013","targetHints":{"allow":["GET"]}}],"collection":[{"href":"https:\/\/yas31.com\/index.php?rest_route=\/wp\/v2\/posts"}],"about":[{"href":"https:\/\/yas31.com\/index.php?rest_route=\/wp\/v2\/types\/post"}],"author":[{"embeddable":true,"href":"https:\/\/yas31.com\/index.php?rest_route=\/wp\/v2\/users\/1"}],"replies":[{"embeddable":true,"href":"https:\/\/yas31.com\/index.php?rest_route=%2Fwp%2Fv2%2Fcomments&post=33013"}],"version-history":[{"count":0,"href":"https:\/\/yas31.com\/index.php?rest_route=\/wp\/v2\/posts\/33013\/revisions"}],"wp:attachment":[{"href":"https:\/\/yas31.com\/index.php?rest_route=%2Fwp%2Fv2%2Fmedia&parent=33013"}],"wp:term":[{"taxonomy":"category","embeddable":true,"href":"https:\/\/yas31.com\/index.php?rest_route=%2Fwp%2Fv2%2Fcategories&post=33013"},{"taxonomy":"post_tag","embeddable":true,"href":"https:\/\/yas31.com\/index.php?rest_route=%2Fwp%2Fv2%2Ftags&post=33013"}],"curies":[{"name":"wp","href":"https:\/\/api.w.org\/{rel}","templated":true}]}}