{"id":30660,"date":"2024-07-01T07:36:00","date_gmt":"2024-07-01T10:36:00","guid":{"rendered":"https:\/\/streetflowbr.com\/?p=30660"},"modified":"2024-07-01T07:36:00","modified_gmt":"2024-07-01T10:36:00","slug":"charles-leclerc-e-anunciado-como-o-novo-embaixador-global-da-bang-olufsen","status":"publish","type":"post","link":"https:\/\/yas31.com\/?p=30660","title":{"rendered":"Charles Leclerc \u00e9 anunciado como o novo embaixador global da Bang &amp; Olufsen"},"content":{"rendered":"\n<p class=\"has-text-align-justify wp-block-paragraph\">A <strong>Bang &amp; Olufsen<\/strong> anunciou <strong><span style=\"text-decoration: underline;\"><a href=\"https:\/\/streetflowbr.com\/tag\/Charles-Leclerc\/\" target=\"_blank\" rel=\"noreferrer noopener\">Charles Leclerc<\/a><\/span><\/strong> como seu novo Embaixador Global da Marca, iniciando uma colabora\u00e7\u00e3o que promete unir engenharia de precis\u00e3o com experi\u00eancias sonoras de alta qualidade. A parceria incluir\u00e1 campanhas criativas, eventos e um produto de edi\u00e7\u00e3o limitada da renomada marca dinamarquesa de som.<\/p>\n\n\n\n<p class=\"has-text-align-justify wp-block-paragraph\">Embora Leclerc seja conhecido principalmente por seu sucesso e talento no setor de <strong><span style=\"text-decoration: underline;\"><a href=\"https:\/\/streetflowbr.com\/tag\/F1\" target=\"_blank\" rel=\"noreferrer noopener\">F1<\/a><\/span><\/strong>, ele tamb\u00e9m \u00e9 um m\u00fasico apaixonado. Notavelmente, Leclerc toca piano, al\u00e9m de compor e gravar sua pr\u00f3pria m\u00fasica, enfatizando a import\u00e2ncia do som em sua vida profissional e pessoal. Leclerc destacou a import\u00e2ncia do som em sua carreira de corrida, afirmando: <strong>\u201cos carros que eu dirijo s\u00e3o maravilhas da engenharia e os sons que produzem me informam sobre as decis\u00f5es de fra\u00e7\u00e3o de segundo que preciso tomar. A qualidade do som desempenha um papel vital na minha vida\u201d<\/strong>.<\/p>\n\n\n\n<p class=\"has-text-align-justify wp-block-paragraph\">Leclerc expressou sua admira\u00e7\u00e3o pela Bang &amp; Olufsen, observando: <strong>\u201cSou f\u00e3 da Bang &amp; Olufsen h\u00e1 muitos anos. A marca tem uma clareza e calor em seu som que me ajudam a desconectar do mundo das corridas e me levam a um lugar onde me sinto conectado ao artista\u201d<\/strong>.<\/p>\n\n\n\n<p class=\"has-text-align-justify wp-block-paragraph\">At\u00e9 o momento, a Bang &amp; Olufsen n\u00e3o compartilhou detalhes espec\u00edficos sobre produtos colaborativos, mas esperamos que mais informa\u00e7\u00f5es sejam reveladas em breve pelos canais oficiais da marca.<\/p>\n\n\n\n<div class=\"wp-block-jetpack-tiled-gallery aligncenter is-style-rectangular\"><div class=\"\"><div class=\"tiled-gallery__gallery\"><div class=\"tiled-gallery__row\"><div class=\"tiled-gallery__col\" style=\"flex-basis:50.00000%\"><figure class=\"tiled-gallery__item\"><a href=\"https:\/\/yas31.com\/wp-content\/uploads\/2024\/07\/charles-leclerc-bang-and-olufsen-global-ambassador-info-01-1024x682.jpg\"><img decoding=\"async\" srcset=\"https:\/\/i0.wp.com\/yas31.com\/wp-content\/uploads\/2024\/07\/charles-leclerc-bang-and-olufsen-global-ambassador-info-01-1024x682.jpg?strip=info&#038;w=600&#038;ssl=1 600w,https:\/\/i0.wp.com\/yas31.com\/wp-content\/uploads\/2024\/07\/charles-leclerc-bang-and-olufsen-global-ambassador-info-01-1024x682.jpg?strip=info&#038;w=900&#038;ssl=1 900w,https:\/\/i0.wp.com\/yas31.com\/wp-content\/uploads\/2024\/07\/charles-leclerc-bang-and-olufsen-global-ambassador-info-01-1024x682.jpg?strip=info&#038;w=1200&#038;ssl=1 1200w,https:\/\/i0.wp.com\/yas31.com\/wp-content\/uploads\/2024\/07\/charles-leclerc-bang-and-olufsen-global-ambassador-info-01-1024x682.jpg?strip=info&#038;w=1280&#038;ssl=1 1280w\" alt=\"\" data-height=\"853\" data-id=\"44487\" data-link=\"https:\/\/yas31.com\/2024\/07\/charles-leclerc-e-anunciado-como-o-novo-embaixador-global-da-bang-olufsen\/charles-leclerc-bang-and-olufsen-global-ambassador-info-01\/\" data-url=\"https:\/\/yas31.com\/wp-content\/uploads\/2024\/07\/charles-leclerc-bang-and-olufsen-global-ambassador-info-01-1024x682.jpg\" data-width=\"1280\" src=\"https:\/\/i0.wp.com\/yas31.com\/wp-content\/uploads\/2024\/07\/charles-leclerc-bang-and-olufsen-global-ambassador-info-01-1024x682.jpg?ssl=1\" data-amp-layout=\"responsive\" tabindex=\"0\" role=\"button\" aria-label=\"Abrir imagem 1 de 2 em tela cheia\"\/><\/a><\/figure><\/div><div class=\"tiled-gallery__col\" style=\"flex-basis:50.00000%\"><figure class=\"tiled-gallery__item\"><a href=\"https:\/\/yas31.com\/wp-content\/uploads\/2024\/07\/charles-leclerc-bang-and-olufsen-global-ambassador-info-02-1024x682.jpg\"><img decoding=\"async\" srcset=\"https:\/\/i0.wp.com\/yas31.com\/wp-content\/uploads\/2024\/07\/charles-leclerc-bang-and-olufsen-global-ambassador-info-02-1024x682.jpg?strip=info&#038;w=600&#038;ssl=1 600w,https:\/\/i0.wp.com\/yas31.com\/wp-content\/uploads\/2024\/07\/charles-leclerc-bang-and-olufsen-global-ambassador-info-02-1024x682.jpg?strip=info&#038;w=900&#038;ssl=1 900w,https:\/\/i0.wp.com\/yas31.com\/wp-content\/uploads\/2024\/07\/charles-leclerc-bang-and-olufsen-global-ambassador-info-02-1024x682.jpg?strip=info&#038;w=1200&#038;ssl=1 1200w,https:\/\/i0.wp.com\/yas31.com\/wp-content\/uploads\/2024\/07\/charles-leclerc-bang-and-olufsen-global-ambassador-info-02-1024x682.jpg?strip=info&#038;w=1280&#038;ssl=1 1280w\" alt=\"\" data-height=\"853\" data-id=\"44486\" data-link=\"https:\/\/yas31.com\/2024\/07\/charles-leclerc-e-anunciado-como-o-novo-embaixador-global-da-bang-olufsen\/charles-leclerc-bang-and-olufsen-global-ambassador-info-02\/\" data-url=\"https:\/\/yas31.com\/wp-content\/uploads\/2024\/07\/charles-leclerc-bang-and-olufsen-global-ambassador-info-02-1024x682.jpg\" data-width=\"1280\" src=\"https:\/\/i0.wp.com\/yas31.com\/wp-content\/uploads\/2024\/07\/charles-leclerc-bang-and-olufsen-global-ambassador-info-02-1024x682.jpg?ssl=1\" data-amp-layout=\"responsive\" tabindex=\"0\" role=\"button\" aria-label=\"Abrir imagem 2 de 2 em tela cheia\"\/><\/a><\/figure><\/div><\/div><\/div><\/div><\/div>\n","protected":false},"excerpt":{"rendered":"<p>A Bang &amp; Olufsen anunciou Charles Leclerc como seu novo Embaixador Global da Marca, iniciando uma colabora\u00e7\u00e3o que promete unir engenharia de precis\u00e3o com experi\u00eancias sonoras de alta qualidade. A parceria incluir\u00e1 campanhas criativas, eventos e um produto de edi\u00e7\u00e3o limitada da renomada marca dinamarquesa de som. Embora Leclerc seja conhecido principalmente por seu sucesso e talento no setor de F1, ele tamb\u00e9m \u00e9 um m\u00fasico apaixonado. Notavelmente, Leclerc toca piano, al\u00e9m de compor e gravar sua pr\u00f3pria m\u00fasica, enfatizando a import\u00e2ncia do som em sua vida profissional e pessoal. Leclerc destacou a import\u00e2ncia do som em sua carreira de [&hellip;]<\/p>\n","protected":false},"author":1,"featured_media":44486,"comment_status":"open","ping_status":"open","sticky":false,"template":"","format":"standard","meta":{"_jetpack_newsletter_access":"","_jetpack_dont_email_post_to_subs":false,"_jetpack_newsletter_tier_id":0,"_jetpack_memberships_contains_paywalled_content":false,"_jetpack_feature_clip_id":0,"_jetpack_memberships_contains_paid_content":false,"footnotes":"","jetpack_post_was_ever_published":false},"categories":[65,35],"tags":[995,687,242,243],"class_list":["post-30660","post","type-post","status-publish","format-standard","has-post-thumbnail","hentry","category-esporte","category-musica","tag-bang-olufsen","tag-charles-leclerc","tag-f1","tag-formula-1","post--single"],"jetpack_featured_media_url":"","jetpack_sharing_enabled":true,"_links":{"self":[{"href":"https:\/\/yas31.com\/index.php?rest_route=\/wp\/v2\/posts\/30660","targetHints":{"allow":["GET"]}}],"collection":[{"href":"https:\/\/yas31.com\/index.php?rest_route=\/wp\/v2\/posts"}],"about":[{"href":"https:\/\/yas31.com\/index.php?rest_route=\/wp\/v2\/types\/post"}],"author":[{"embeddable":true,"href":"https:\/\/yas31.com\/index.php?rest_route=\/wp\/v2\/users\/1"}],"replies":[{"embeddable":true,"href":"https:\/\/yas31.com\/index.php?rest_route=%2Fwp%2Fv2%2Fcomments&post=30660"}],"version-history":[{"count":0,"href":"https:\/\/yas31.com\/index.php?rest_route=\/wp\/v2\/posts\/30660\/revisions"}],"wp:attachment":[{"href":"https:\/\/yas31.com\/index.php?rest_route=%2Fwp%2Fv2%2Fmedia&parent=30660"}],"wp:term":[{"taxonomy":"category","embeddable":true,"href":"https:\/\/yas31.com\/index.php?rest_route=%2Fwp%2Fv2%2Fcategories&post=30660"},{"taxonomy":"post_tag","embeddable":true,"href":"https:\/\/yas31.com\/index.php?rest_route=%2Fwp%2Fv2%2Ftags&post=30660"}],"curies":[{"name":"wp","href":"https:\/\/api.w.org\/{rel}","templated":true}]}}