{"id":30622,"date":"2024-07-01T06:50:00","date_gmt":"2024-07-01T09:50:00","guid":{"rendered":"https:\/\/streetflowbr.com\/?p=30622"},"modified":"2024-07-01T06:50:00","modified_gmt":"2024-07-01T09:50:00","slug":"levis-e-mclaren-racing-juntas-em-nova-colaboracao","status":"publish","type":"post","link":"https:\/\/yas31.com\/?p=30622","title":{"rendered":"Levi\u2019s e McLaren Racing juntas em nova colabora\u00e7\u00e3o"},"content":{"rendered":"\n<p class=\"has-text-align-justify wp-block-paragraph\"><strong><span style=\"text-decoration: underline;\"><a href=\"https:\/\/streetflowbr.com\/tag\/Levis\/\" target=\"_blank\" rel=\"noreferrer noopener\">Levi\u2019s<\/a><\/span><\/strong> \u00e9 o colaborador dominante de 2024. Desde sua parceria com <strong>sacai<\/strong> na Paris Fashion Week at\u00e9 a reinven\u00e7\u00e3o dos cl\u00e1ssicos jeans com <strong>Eli Russell Linnetz da ERL<\/strong>, a Levi\u2019s n\u00e3o mostra sinais de desacelera\u00e7\u00e3o. Em sua mais recente empreitada, o pioneiro do jeans se une \u00e0 <strong>McLaren Racing<\/strong> para redefinir o estilo da <strong><span style=\"text-decoration: underline;\"><a href=\"https:\/\/streetflowbr.com\/tag\/formula-1\" target=\"_blank\" rel=\"noreferrer noopener\">F\u00f3rmula 1<\/a><\/span><\/strong>.<\/p>\n\n\n\n<p class=\"has-text-align-justify wp-block-paragraph\">Levi\u2019s e McLaren Racing unem suas mentalidades inovadoras em uma colabora\u00e7\u00e3o r\u00e1pida destinada \u00e0 pista. A cole\u00e7\u00e3o <em>co-ed<\/em> revisita o passado, inspirando-se nos uniformes antigos da McLaren, liderados por trajes de corrida encurtados. Macac\u00f5es em jeans lavado claro aceleram pela cole\u00e7\u00e3o, com <em>patches<\/em> de patroc\u00ednio e a inscri\u00e7\u00e3o <strong>\u201cMCLAREN CARS\u201d<\/strong> na perna.<\/p>\n\n\n\n<p class=\"has-text-align-justify wp-block-paragraph\">Estilos semelhantes aparecem em jaquetas de corrida bicolores com emblemas traseiros da Levi\u2019s, enquanto jaquetas trucker ajustadas, jeans 501 e camisetas gr\u00e1ficas completam a cole\u00e7\u00e3o com ilustra\u00e7\u00f5es de carros dos anos 1980.<\/p>\n\n\n\n<p class=\"has-text-align-justify wp-block-paragraph\">Finalmente, a McLaren mergulha em seu arquivo para desenterrar p\u00f4steres de competi\u00e7\u00f5es <em>vintage<\/em> refletidos em luvas de couro bordadas com a assinatura do fundador <strong>Bruce McLaren<\/strong>.<\/p>\n\n\n\n<p class=\"has-text-align-justify wp-block-paragraph\">A linha ser\u00e1 lan\u00e7ada nas lojas e <em><span style=\"text-decoration: underline;\"><a href=\"https:\/\/www.levi.com\/GB\/en_GB\/\" target=\"_blank\" rel=\"noreferrer noopener\">online<\/a><\/span><\/em> pela Levi\u2019s em 3 de julho, alinhando-se com o Grande Pr\u00eamio da Gr\u00e3-Bretanha. D\u00ea uma olhada mais de perto na colabora\u00e7\u00e3o <strong>Levi\u2019s x McLaren Racing<\/strong> na galeria abaixo.<\/p>\n\n\n\n<div class=\"wp-block-jetpack-tiled-gallery aligncenter is-style-rectangular\"><div class=\"\"><div class=\"tiled-gallery__gallery\"><div class=\"tiled-gallery__row\"><div class=\"tiled-gallery__col\" style=\"flex-basis:25.00000%\"><figure class=\"tiled-gallery__item\"><a href=\"https:\/\/yas31.com\/wp-content\/uploads\/2024\/07\/levis-mclaren-racing-collab-01.jpg\"><img decoding=\"async\" srcset=\"https:\/\/i0.wp.com\/yas31.com\/wp-content\/uploads\/2024\/07\/levis-mclaren-racing-collab-01.jpg?strip=info&#038;w=586&#038;ssl=1 586w\" alt=\"\" data-height=\"878\" data-id=\"44469\" data-link=\"https:\/\/yas31.com\/2024\/07\/levis-e-mclaren-racing-juntas-em-nova-colaboracao\/levis-mclaren-racing-collab-01\/\" data-url=\"https:\/\/yas31.com\/wp-content\/uploads\/2024\/07\/levis-mclaren-racing-collab-01.jpg\" data-width=\"586\" src=\"https:\/\/i0.wp.com\/yas31.com\/wp-content\/uploads\/2024\/07\/levis-mclaren-racing-collab-01.jpg?ssl=1\" data-amp-layout=\"responsive\" tabindex=\"0\" role=\"button\" aria-label=\"Abrir imagem 1 de 15 em tela cheia\"\/><\/a><\/figure><\/div><div class=\"tiled-gallery__col\" style=\"flex-basis:25.00000%\"><figure class=\"tiled-gallery__item\"><a href=\"https:\/\/yas31.com\/wp-content\/uploads\/2024\/07\/levis-mclaren-racing-collab-02.jpg\"><img decoding=\"async\" srcset=\"https:\/\/i0.wp.com\/yas31.com\/wp-content\/uploads\/2024\/07\/levis-mclaren-racing-collab-02.jpg?strip=info&#038;w=586&#038;ssl=1 586w\" alt=\"\" data-height=\"878\" data-id=\"44470\" data-link=\"https:\/\/yas31.com\/2024\/07\/levis-e-mclaren-racing-juntas-em-nova-colaboracao\/levis-mclaren-racing-collab-02\/\" data-url=\"https:\/\/yas31.com\/wp-content\/uploads\/2024\/07\/levis-mclaren-racing-collab-02.jpg\" data-width=\"586\" src=\"https:\/\/i0.wp.com\/yas31.com\/wp-content\/uploads\/2024\/07\/levis-mclaren-racing-collab-02.jpg?ssl=1\" data-amp-layout=\"responsive\" tabindex=\"0\" role=\"button\" aria-label=\"Abrir imagem 2 de 15 em tela cheia\"\/><\/a><\/figure><\/div><div class=\"tiled-gallery__col\" style=\"flex-basis:25.00000%\"><figure class=\"tiled-gallery__item\"><a href=\"https:\/\/yas31.com\/wp-content\/uploads\/2024\/07\/levis-mclaren-racing-collab-03.jpg\"><img decoding=\"async\" srcset=\"https:\/\/i0.wp.com\/yas31.com\/wp-content\/uploads\/2024\/07\/levis-mclaren-racing-collab-03.jpg?strip=info&#038;w=586&#038;ssl=1 586w\" alt=\"\" data-height=\"878\" data-id=\"44481\" data-link=\"https:\/\/yas31.com\/2024\/07\/levis-e-mclaren-racing-juntas-em-nova-colaboracao\/levis-mclaren-racing-collab-03\/\" data-url=\"https:\/\/yas31.com\/wp-content\/uploads\/2024\/07\/levis-mclaren-racing-collab-03.jpg\" data-width=\"586\" src=\"https:\/\/i0.wp.com\/yas31.com\/wp-content\/uploads\/2024\/07\/levis-mclaren-racing-collab-03.jpg?ssl=1\" data-amp-layout=\"responsive\" tabindex=\"0\" role=\"button\" aria-label=\"Abrir imagem 3 de 15 em tela cheia\"\/><\/a><\/figure><\/div><div class=\"tiled-gallery__col\" style=\"flex-basis:25.00000%\"><figure class=\"tiled-gallery__item\"><a href=\"https:\/\/yas31.com\/wp-content\/uploads\/2024\/07\/levis-mclaren-racing-collab-04.jpg\"><img decoding=\"async\" srcset=\"https:\/\/i0.wp.com\/yas31.com\/wp-content\/uploads\/2024\/07\/levis-mclaren-racing-collab-04.jpg?strip=info&#038;w=586&#038;ssl=1 586w\" alt=\"\" data-height=\"878\" data-id=\"44482\" data-link=\"https:\/\/yas31.com\/2024\/07\/levis-e-mclaren-racing-juntas-em-nova-colaboracao\/levis-mclaren-racing-collab-04\/\" data-url=\"https:\/\/yas31.com\/wp-content\/uploads\/2024\/07\/levis-mclaren-racing-collab-04.jpg\" data-width=\"586\" src=\"https:\/\/i0.wp.com\/yas31.com\/wp-content\/uploads\/2024\/07\/levis-mclaren-racing-collab-04.jpg?ssl=1\" data-amp-layout=\"responsive\" tabindex=\"0\" role=\"button\" aria-label=\"Abrir imagem 4 de 15 em tela cheia\"\/><\/a><\/figure><\/div><\/div><div class=\"tiled-gallery__row\"><div class=\"tiled-gallery__col\" style=\"flex-basis:33.33333%\"><figure class=\"tiled-gallery__item\"><a href=\"https:\/\/yas31.com\/wp-content\/uploads\/2024\/07\/levis-mclaren-racing-collab-05.jpg\"><img decoding=\"async\" srcset=\"https:\/\/i0.wp.com\/yas31.com\/wp-content\/uploads\/2024\/07\/levis-mclaren-racing-collab-05.jpg?strip=info&#038;w=586&#038;ssl=1 586w\" alt=\"\" data-height=\"878\" data-id=\"44471\" data-link=\"https:\/\/yas31.com\/2024\/07\/levis-e-mclaren-racing-juntas-em-nova-colaboracao\/levis-mclaren-racing-collab-05\/\" data-url=\"https:\/\/yas31.com\/wp-content\/uploads\/2024\/07\/levis-mclaren-racing-collab-05.jpg\" data-width=\"586\" src=\"https:\/\/i0.wp.com\/yas31.com\/wp-content\/uploads\/2024\/07\/levis-mclaren-racing-collab-05.jpg?ssl=1\" data-amp-layout=\"responsive\" tabindex=\"0\" role=\"button\" aria-label=\"Abrir imagem 5 de 15 em tela cheia\"\/><\/a><\/figure><\/div><div class=\"tiled-gallery__col\" style=\"flex-basis:33.33333%\"><figure class=\"tiled-gallery__item\"><a href=\"https:\/\/yas31.com\/wp-content\/uploads\/2024\/07\/levis-mclaren-racing-collab-06.jpg\"><img decoding=\"async\" srcset=\"https:\/\/i0.wp.com\/yas31.com\/wp-content\/uploads\/2024\/07\/levis-mclaren-racing-collab-06.jpg?strip=info&#038;w=586&#038;ssl=1 586w\" alt=\"\" data-height=\"878\" data-id=\"44480\" data-link=\"https:\/\/yas31.com\/2024\/07\/levis-e-mclaren-racing-juntas-em-nova-colaboracao\/levis-mclaren-racing-collab-06\/\" data-url=\"https:\/\/yas31.com\/wp-content\/uploads\/2024\/07\/levis-mclaren-racing-collab-06.jpg\" data-width=\"586\" src=\"https:\/\/i0.wp.com\/yas31.com\/wp-content\/uploads\/2024\/07\/levis-mclaren-racing-collab-06.jpg?ssl=1\" data-amp-layout=\"responsive\" tabindex=\"0\" role=\"button\" aria-label=\"Abrir imagem 6 de 15 em tela cheia\"\/><\/a><\/figure><\/div><div class=\"tiled-gallery__col\" style=\"flex-basis:33.33333%\"><figure class=\"tiled-gallery__item\"><a href=\"https:\/\/yas31.com\/wp-content\/uploads\/2024\/07\/levis-mclaren-racing-collab-07.jpg\"><img decoding=\"async\" srcset=\"https:\/\/i0.wp.com\/yas31.com\/wp-content\/uploads\/2024\/07\/levis-mclaren-racing-collab-07.jpg?strip=info&#038;w=586&#038;ssl=1 586w\" alt=\"\" data-height=\"878\" data-id=\"44477\" data-link=\"https:\/\/yas31.com\/2024\/07\/levis-e-mclaren-racing-juntas-em-nova-colaboracao\/levis-mclaren-racing-collab-07\/\" data-url=\"https:\/\/yas31.com\/wp-content\/uploads\/2024\/07\/levis-mclaren-racing-collab-07.jpg\" data-width=\"586\" src=\"https:\/\/i0.wp.com\/yas31.com\/wp-content\/uploads\/2024\/07\/levis-mclaren-racing-collab-07.jpg?ssl=1\" data-amp-layout=\"responsive\" tabindex=\"0\" role=\"button\" aria-label=\"Abrir imagem 7 de 15 em tela cheia\"\/><\/a><\/figure><\/div><\/div><div class=\"tiled-gallery__row\"><div class=\"tiled-gallery__col\" style=\"flex-basis:25.00000%\"><figure class=\"tiled-gallery__item\"><a href=\"https:\/\/yas31.com\/wp-content\/uploads\/2024\/07\/levis-mclaren-racing-collab-08.jpg\"><img decoding=\"async\" srcset=\"https:\/\/i0.wp.com\/yas31.com\/wp-content\/uploads\/2024\/07\/levis-mclaren-racing-collab-08.jpg?strip=info&#038;w=586&#038;ssl=1 586w\" alt=\"\" data-height=\"878\" data-id=\"44479\" data-link=\"https:\/\/yas31.com\/2024\/07\/levis-e-mclaren-racing-juntas-em-nova-colaboracao\/levis-mclaren-racing-collab-08\/\" data-url=\"https:\/\/yas31.com\/wp-content\/uploads\/2024\/07\/levis-mclaren-racing-collab-08.jpg\" data-width=\"586\" src=\"https:\/\/i0.wp.com\/yas31.com\/wp-content\/uploads\/2024\/07\/levis-mclaren-racing-collab-08.jpg?ssl=1\" data-amp-layout=\"responsive\" tabindex=\"0\" role=\"button\" aria-label=\"Abrir imagem 8 de 15 em tela cheia\"\/><\/a><\/figure><\/div><div class=\"tiled-gallery__col\" style=\"flex-basis:25.00000%\"><figure class=\"tiled-gallery__item\"><a href=\"https:\/\/yas31.com\/wp-content\/uploads\/2024\/07\/levis-mclaren-racing-collab-09.jpg\"><img decoding=\"async\" srcset=\"https:\/\/i0.wp.com\/yas31.com\/wp-content\/uploads\/2024\/07\/levis-mclaren-racing-collab-09.jpg?strip=info&#038;w=586&#038;ssl=1 586w\" alt=\"\" data-height=\"878\" data-id=\"44483\" data-link=\"https:\/\/yas31.com\/2024\/07\/levis-e-mclaren-racing-juntas-em-nova-colaboracao\/levis-mclaren-racing-collab-09\/\" data-url=\"https:\/\/yas31.com\/wp-content\/uploads\/2024\/07\/levis-mclaren-racing-collab-09.jpg\" data-width=\"586\" src=\"https:\/\/i0.wp.com\/yas31.com\/wp-content\/uploads\/2024\/07\/levis-mclaren-racing-collab-09.jpg?ssl=1\" data-amp-layout=\"responsive\" tabindex=\"0\" role=\"button\" aria-label=\"Abrir imagem 9 de 15 em tela cheia\"\/><\/a><\/figure><\/div><div class=\"tiled-gallery__col\" style=\"flex-basis:25.00000%\"><figure class=\"tiled-gallery__item\"><a href=\"https:\/\/yas31.com\/wp-content\/uploads\/2024\/07\/levis-mclaren-racing-collab-10.jpg\"><img decoding=\"async\" srcset=\"https:\/\/i0.wp.com\/yas31.com\/wp-content\/uploads\/2024\/07\/levis-mclaren-racing-collab-10.jpg?strip=info&#038;w=586&#038;ssl=1 586w\" alt=\"\" data-height=\"878\" data-id=\"44475\" data-link=\"https:\/\/yas31.com\/2024\/07\/levis-e-mclaren-racing-juntas-em-nova-colaboracao\/levis-mclaren-racing-collab-10\/\" data-url=\"https:\/\/yas31.com\/wp-content\/uploads\/2024\/07\/levis-mclaren-racing-collab-10.jpg\" data-width=\"586\" src=\"https:\/\/i0.wp.com\/yas31.com\/wp-content\/uploads\/2024\/07\/levis-mclaren-racing-collab-10.jpg?ssl=1\" data-amp-layout=\"responsive\" tabindex=\"0\" role=\"button\" aria-label=\"Abrir imagem 10 de 15 em tela cheia\"\/><\/a><\/figure><\/div><div class=\"tiled-gallery__col\" style=\"flex-basis:25.00000%\"><figure class=\"tiled-gallery__item\"><a href=\"https:\/\/yas31.com\/wp-content\/uploads\/2024\/07\/levis-mclaren-racing-collab-11.jpg\"><img decoding=\"async\" srcset=\"https:\/\/i0.wp.com\/yas31.com\/wp-content\/uploads\/2024\/07\/levis-mclaren-racing-collab-11.jpg?strip=info&#038;w=586&#038;ssl=1 586w\" alt=\"\" data-height=\"878\" data-id=\"44472\" data-link=\"https:\/\/yas31.com\/2024\/07\/levis-e-mclaren-racing-juntas-em-nova-colaboracao\/levis-mclaren-racing-collab-11\/\" data-url=\"https:\/\/yas31.com\/wp-content\/uploads\/2024\/07\/levis-mclaren-racing-collab-11.jpg\" data-width=\"586\" src=\"https:\/\/i0.wp.com\/yas31.com\/wp-content\/uploads\/2024\/07\/levis-mclaren-racing-collab-11.jpg?ssl=1\" data-amp-layout=\"responsive\" tabindex=\"0\" role=\"button\" aria-label=\"Abrir imagem 11 de 15 em tela cheia\"\/><\/a><\/figure><\/div><\/div><div class=\"tiled-gallery__row\"><div class=\"tiled-gallery__col\" style=\"flex-basis:25.00000%\"><figure class=\"tiled-gallery__item\"><a href=\"https:\/\/yas31.com\/wp-content\/uploads\/2024\/07\/levis-mclaren-racing-collab-12.jpg\"><img decoding=\"async\" srcset=\"https:\/\/i0.wp.com\/yas31.com\/wp-content\/uploads\/2024\/07\/levis-mclaren-racing-collab-12.jpg?strip=info&#038;w=586&#038;ssl=1 586w\" alt=\"\" data-height=\"878\" data-id=\"44473\" data-link=\"https:\/\/yas31.com\/2024\/07\/levis-e-mclaren-racing-juntas-em-nova-colaboracao\/levis-mclaren-racing-collab-12\/\" data-url=\"https:\/\/yas31.com\/wp-content\/uploads\/2024\/07\/levis-mclaren-racing-collab-12.jpg\" data-width=\"586\" src=\"https:\/\/i0.wp.com\/yas31.com\/wp-content\/uploads\/2024\/07\/levis-mclaren-racing-collab-12.jpg?ssl=1\" data-amp-layout=\"responsive\" tabindex=\"0\" role=\"button\" aria-label=\"Abrir imagem 12 de 15 em tela cheia\"\/><\/a><\/figure><\/div><div class=\"tiled-gallery__col\" style=\"flex-basis:25.00000%\"><figure class=\"tiled-gallery__item\"><a href=\"https:\/\/yas31.com\/wp-content\/uploads\/2024\/07\/levis-mclaren-racing-collab-13.jpg\"><img decoding=\"async\" srcset=\"https:\/\/i0.wp.com\/yas31.com\/wp-content\/uploads\/2024\/07\/levis-mclaren-racing-collab-13.jpg?strip=info&#038;w=586&#038;ssl=1 586w\" alt=\"\" data-height=\"878\" data-id=\"44476\" data-link=\"https:\/\/yas31.com\/2024\/07\/levis-e-mclaren-racing-juntas-em-nova-colaboracao\/levis-mclaren-racing-collab-13\/\" data-url=\"https:\/\/yas31.com\/wp-content\/uploads\/2024\/07\/levis-mclaren-racing-collab-13.jpg\" data-width=\"586\" src=\"https:\/\/i0.wp.com\/yas31.com\/wp-content\/uploads\/2024\/07\/levis-mclaren-racing-collab-13.jpg?ssl=1\" data-amp-layout=\"responsive\" tabindex=\"0\" role=\"button\" aria-label=\"Abrir imagem 13 de 15 em tela cheia\"\/><\/a><\/figure><\/div><div class=\"tiled-gallery__col\" style=\"flex-basis:25.00000%\"><figure class=\"tiled-gallery__item\"><a href=\"https:\/\/yas31.com\/wp-content\/uploads\/2024\/07\/levis-mclaren-racing-collab-14.jpg\"><img decoding=\"async\" srcset=\"https:\/\/i0.wp.com\/yas31.com\/wp-content\/uploads\/2024\/07\/levis-mclaren-racing-collab-14.jpg?strip=info&#038;w=586&#038;ssl=1 586w\" alt=\"\" data-height=\"878\" data-id=\"44478\" data-link=\"https:\/\/yas31.com\/2024\/07\/levis-e-mclaren-racing-juntas-em-nova-colaboracao\/levis-mclaren-racing-collab-14\/\" data-url=\"https:\/\/yas31.com\/wp-content\/uploads\/2024\/07\/levis-mclaren-racing-collab-14.jpg\" data-width=\"586\" src=\"https:\/\/i0.wp.com\/yas31.com\/wp-content\/uploads\/2024\/07\/levis-mclaren-racing-collab-14.jpg?ssl=1\" data-amp-layout=\"responsive\" tabindex=\"0\" role=\"button\" aria-label=\"Abrir imagem 14 de 15 em tela cheia\"\/><\/a><\/figure><\/div><div class=\"tiled-gallery__col\" style=\"flex-basis:25.00000%\"><figure class=\"tiled-gallery__item\"><a href=\"https:\/\/yas31.com\/wp-content\/uploads\/2024\/07\/levis-mclaren-racing-collab-15.jpg\"><img decoding=\"async\" srcset=\"https:\/\/i0.wp.com\/yas31.com\/wp-content\/uploads\/2024\/07\/levis-mclaren-racing-collab-15.jpg?strip=info&#038;w=586&#038;ssl=1 586w\" alt=\"\" data-height=\"878\" data-id=\"44474\" data-link=\"https:\/\/yas31.com\/2024\/07\/levis-e-mclaren-racing-juntas-em-nova-colaboracao\/levis-mclaren-racing-collab-15\/\" data-url=\"https:\/\/yas31.com\/wp-content\/uploads\/2024\/07\/levis-mclaren-racing-collab-15.jpg\" data-width=\"586\" src=\"https:\/\/i0.wp.com\/yas31.com\/wp-content\/uploads\/2024\/07\/levis-mclaren-racing-collab-15.jpg?ssl=1\" data-amp-layout=\"responsive\" tabindex=\"0\" role=\"button\" aria-label=\"Abrir imagem 15 de 15 em tela cheia\"\/><\/a><\/figure><\/div><\/div><\/div><\/div><\/div>\n","protected":false},"excerpt":{"rendered":"<p>Levi\u2019s \u00e9 o colaborador dominante de 2024. Desde sua parceria com sacai na Paris Fashion Week at\u00e9 a reinven\u00e7\u00e3o dos cl\u00e1ssicos jeans com Eli Russell Linnetz da ERL, a Levi\u2019s n\u00e3o mostra sinais de desacelera\u00e7\u00e3o. Em sua mais recente empreitada, o pioneiro do jeans se une \u00e0 McLaren Racing para redefinir o estilo da F\u00f3rmula 1. Levi\u2019s e McLaren Racing unem suas mentalidades inovadoras em uma colabora\u00e7\u00e3o r\u00e1pida destinada \u00e0 pista. A cole\u00e7\u00e3o co-ed revisita o passado, inspirando-se nos uniformes antigos da McLaren, liderados por trajes de corrida encurtados. Macac\u00f5es em jeans lavado claro aceleram pela cole\u00e7\u00e3o, com patches de [&hellip;]<\/p>\n","protected":false},"author":1,"featured_media":44480,"comment_status":"open","ping_status":"open","sticky":false,"template":"","format":"standard","meta":{"_jetpack_newsletter_access":"","_jetpack_dont_email_post_to_subs":false,"_jetpack_newsletter_tier_id":0,"_jetpack_memberships_contains_paywalled_content":false,"_jetpack_feature_clip_id":0,"_jetpack_memberships_contains_paid_content":false,"footnotes":"","jetpack_post_was_ever_published":false},"categories":[14],"tags":[243,40,994],"class_list":["post-30622","post","type-post","status-publish","format-standard","has-post-thumbnail","hentry","category-moda","tag-formula-1","tag-levis","tag-mclaren-racing","post--single"],"jetpack_featured_media_url":"","jetpack_sharing_enabled":true,"_links":{"self":[{"href":"https:\/\/yas31.com\/index.php?rest_route=\/wp\/v2\/posts\/30622","targetHints":{"allow":["GET"]}}],"collection":[{"href":"https:\/\/yas31.com\/index.php?rest_route=\/wp\/v2\/posts"}],"about":[{"href":"https:\/\/yas31.com\/index.php?rest_route=\/wp\/v2\/types\/post"}],"author":[{"embeddable":true,"href":"https:\/\/yas31.com\/index.php?rest_route=\/wp\/v2\/users\/1"}],"replies":[{"embeddable":true,"href":"https:\/\/yas31.com\/index.php?rest_route=%2Fwp%2Fv2%2Fcomments&post=30622"}],"version-history":[{"count":0,"href":"https:\/\/yas31.com\/index.php?rest_route=\/wp\/v2\/posts\/30622\/revisions"}],"wp:attachment":[{"href":"https:\/\/yas31.com\/index.php?rest_route=%2Fwp%2Fv2%2Fmedia&parent=30622"}],"wp:term":[{"taxonomy":"category","embeddable":true,"href":"https:\/\/yas31.com\/index.php?rest_route=%2Fwp%2Fv2%2Fcategories&post=30622"},{"taxonomy":"post_tag","embeddable":true,"href":"https:\/\/yas31.com\/index.php?rest_route=%2Fwp%2Fv2%2Ftags&post=30622"}],"curies":[{"name":"wp","href":"https:\/\/api.w.org\/{rel}","templated":true}]}}