{"id":26800,"date":"2024-01-31T13:17:44","date_gmt":"2024-01-31T16:17:44","guid":{"rendered":"https:\/\/streetflowbr.com\/?p=26800"},"modified":"2024-01-31T13:17:44","modified_gmt":"2024-01-31T16:17:44","slug":"idris-elba-campanha-calvin-klein","status":"publish","type":"post","link":"https:\/\/yas31.com\/?p=26800","title":{"rendered":"Idris Elba estrela a campanha de moda masculina da Calvin Klein"},"content":{"rendered":"\n<p class=\"has-text-align-justify wp-block-paragraph\">Al\u00e9m de suas op\u00e7\u00f5es de roupas \u00edntimas, a <strong><span style=\"text-decoration: underline;\"><a href=\"https:\/\/streetflowbr.com\/tag\/Calvin-Klein\/\" target=\"_blank\" rel=\"noreferrer noopener\">Calvin Klein<\/a><\/span><\/strong> \u00e9 conhecida por suas campanhas e an\u00fancios principais que contam com talentos globais renomados nos campos do cinema, moda, m\u00fasica e mais. No in\u00edcio deste m\u00eas, a marca escolheu <strong>Jeremy Allen White<\/strong> para uma campanha ousada de Primavera 2024, que apresenta o f\u00edsico tonificado do astro usado Calvin&#8217;s brancos no topo de pr\u00e9dios em Nova York. Agora, a marca est\u00e1 de volta com sua segunda campanha de moda masculina para a Primavera 2024. Mergulhando novamente no mundo do cinema, as \u00faltimas imagens apresentam o aclamado ator brit\u00e2nico <strong>Idris Elba<\/strong>.<\/p>\n\n\n\n<p class=\"has-text-align-justify wp-block-paragraph\">Marcando a primeira campanha de Elba para a marca, a Calvin Klein veste o astro com pe\u00e7as b\u00e1sicas, limpas e confort\u00e1veis para uso di\u00e1rio. A campanha apresenta pe\u00e7as da cole\u00e7\u00e3o Primavera 2024, como o trench coat cl\u00e1ssico, a jaqueta de z\u00edper completo em seersucker, a jaqueta bomber em cetim e trajes slim. As pe\u00e7as s\u00e3o confeccionadas em algod\u00e3o, l\u00e3 e tecidos acetinados para um visual e sensa\u00e7\u00e3o elevados.<\/p>\n\n\n\n<p class=\"has-text-align-justify wp-block-paragraph\">Com a nova campanha, Idris Elba se junta a uma longa lista de talentos recentes da Calvin Klein, que inclui nomes como <strong>FKA Twigs, Hailey Bieber, Son Heung-min, Jung Kook, Kid Cudi, Jennie, Brandon Flynn<\/strong> e outros. Uma nova cole\u00e7\u00e3o j\u00e1 est\u00e1 dispon\u00edvel <em><span style=\"text-decoration: underline;\"><a href=\"https:\/\/www.calvinklein.us\/en\" target=\"_blank\" rel=\"noreferrer noopener\">online<\/a><\/span><\/em>. D\u00ea uma olhada na nova campanha da Calvin Klein para a Primavera 2024 estrelando Idris Elba na galeria abaixo.<\/p>\n\n\n\n<div class=\"wp-block-jetpack-tiled-gallery aligncenter is-style-rectangular\"><div class=\"\"><div class=\"tiled-gallery__gallery\"><div class=\"tiled-gallery__row\"><div class=\"tiled-gallery__col\" style=\"flex-basis:19.06201%\"><figure class=\"tiled-gallery__item\"><a href=\"https:\/\/yas31.com\/wp-content\/uploads\/2024\/01\/Idris-Elba-Stars-in-Calvin-Klein-Menswear-Spring-2024-Campaign-01-682x1024.jpg\"><img decoding=\"async\" srcset=\"https:\/\/i0.wp.com\/yas31.com\/wp-content\/uploads\/2024\/01\/Idris-Elba-Stars-in-Calvin-Klein-Menswear-Spring-2024-Campaign-01-682x1024.jpg?strip=info&#038;w=600&#038;ssl=1 600w,https:\/\/i0.wp.com\/yas31.com\/wp-content\/uploads\/2024\/01\/Idris-Elba-Stars-in-Calvin-Klein-Menswear-Spring-2024-Campaign-01-682x1024.jpg?strip=info&#038;w=853&#038;ssl=1 853w\" alt=\"\" data-height=\"1280\" data-id=\"43281\" data-link=\"https:\/\/yas31.com\/2024\/01\/idris-elba-campanha-calvin-klein\/idris-elba-stars-in-calvin-klein-menswear-spring-2024-campaign-01\/\" data-url=\"https:\/\/yas31.com\/wp-content\/uploads\/2024\/01\/Idris-Elba-Stars-in-Calvin-Klein-Menswear-Spring-2024-Campaign-01-682x1024.jpg\" data-width=\"853\" src=\"https:\/\/i0.wp.com\/yas31.com\/wp-content\/uploads\/2024\/01\/Idris-Elba-Stars-in-Calvin-Klein-Menswear-Spring-2024-Campaign-01-682x1024.jpg?ssl=1\" data-amp-layout=\"responsive\" tabindex=\"0\" role=\"button\" aria-label=\"Abrir imagem 1 de 6 em tela cheia\"\/><\/a><\/figure><\/div><div class=\"tiled-gallery__col\" style=\"flex-basis:19.06201%\"><figure class=\"tiled-gallery__item\"><a href=\"https:\/\/yas31.com\/wp-content\/uploads\/2024\/01\/Idris-Elba-Stars-in-Calvin-Klein-Menswear-Spring-2024-Campaign-02-682x1024.jpg\"><img decoding=\"async\" srcset=\"https:\/\/i0.wp.com\/yas31.com\/wp-content\/uploads\/2024\/01\/Idris-Elba-Stars-in-Calvin-Klein-Menswear-Spring-2024-Campaign-02-682x1024.jpg?strip=info&#038;w=600&#038;ssl=1 600w,https:\/\/i0.wp.com\/yas31.com\/wp-content\/uploads\/2024\/01\/Idris-Elba-Stars-in-Calvin-Klein-Menswear-Spring-2024-Campaign-02-682x1024.jpg?strip=info&#038;w=853&#038;ssl=1 853w\" alt=\"\" data-height=\"1280\" data-id=\"43280\" data-link=\"https:\/\/yas31.com\/2024\/01\/idris-elba-campanha-calvin-klein\/idris-elba-stars-in-calvin-klein-menswear-spring-2024-campaign-02\/\" data-url=\"https:\/\/yas31.com\/wp-content\/uploads\/2024\/01\/Idris-Elba-Stars-in-Calvin-Klein-Menswear-Spring-2024-Campaign-02-682x1024.jpg\" data-width=\"853\" src=\"https:\/\/i0.wp.com\/yas31.com\/wp-content\/uploads\/2024\/01\/Idris-Elba-Stars-in-Calvin-Klein-Menswear-Spring-2024-Campaign-02-682x1024.jpg?ssl=1\" data-amp-layout=\"responsive\" tabindex=\"0\" role=\"button\" aria-label=\"Abrir imagem 2 de 6 em tela cheia\"\/><\/a><\/figure><\/div><div class=\"tiled-gallery__col\" style=\"flex-basis:19.06201%\"><figure class=\"tiled-gallery__item\"><a href=\"https:\/\/yas31.com\/wp-content\/uploads\/2024\/01\/Idris-Elba-Stars-in-Calvin-Klein-Menswear-Spring-2024-Campaign-03-682x1024.jpg\"><img decoding=\"async\" srcset=\"https:\/\/i0.wp.com\/yas31.com\/wp-content\/uploads\/2024\/01\/Idris-Elba-Stars-in-Calvin-Klein-Menswear-Spring-2024-Campaign-03-682x1024.jpg?strip=info&#038;w=600&#038;ssl=1 600w,https:\/\/i0.wp.com\/yas31.com\/wp-content\/uploads\/2024\/01\/Idris-Elba-Stars-in-Calvin-Klein-Menswear-Spring-2024-Campaign-03-682x1024.jpg?strip=info&#038;w=853&#038;ssl=1 853w\" alt=\"\" data-height=\"1280\" data-id=\"43282\" data-link=\"https:\/\/yas31.com\/2024\/01\/idris-elba-campanha-calvin-klein\/idris-elba-stars-in-calvin-klein-menswear-spring-2024-campaign-03\/\" data-url=\"https:\/\/yas31.com\/wp-content\/uploads\/2024\/01\/Idris-Elba-Stars-in-Calvin-Klein-Menswear-Spring-2024-Campaign-03-682x1024.jpg\" data-width=\"853\" src=\"https:\/\/i0.wp.com\/yas31.com\/wp-content\/uploads\/2024\/01\/Idris-Elba-Stars-in-Calvin-Klein-Menswear-Spring-2024-Campaign-03-682x1024.jpg?ssl=1\" data-amp-layout=\"responsive\" tabindex=\"0\" role=\"button\" aria-label=\"Abrir imagem 3 de 6 em tela cheia\"\/><\/a><\/figure><\/div><div class=\"tiled-gallery__col\" style=\"flex-basis:42.81397%\"><figure class=\"tiled-gallery__item\"><a href=\"https:\/\/yas31.com\/wp-content\/uploads\/2024\/01\/Idris-Elba-Stars-in-Calvin-Klein-Menswear-Spring-2024-Campaign-04-1024x682.jpg\"><img decoding=\"async\" srcset=\"https:\/\/i0.wp.com\/yas31.com\/wp-content\/uploads\/2024\/01\/Idris-Elba-Stars-in-Calvin-Klein-Menswear-Spring-2024-Campaign-04-1024x682.jpg?strip=info&#038;w=600&#038;ssl=1 600w,https:\/\/i0.wp.com\/yas31.com\/wp-content\/uploads\/2024\/01\/Idris-Elba-Stars-in-Calvin-Klein-Menswear-Spring-2024-Campaign-04-1024x682.jpg?strip=info&#038;w=900&#038;ssl=1 900w,https:\/\/i0.wp.com\/yas31.com\/wp-content\/uploads\/2024\/01\/Idris-Elba-Stars-in-Calvin-Klein-Menswear-Spring-2024-Campaign-04-1024x682.jpg?strip=info&#038;w=1200&#038;ssl=1 1200w,https:\/\/i0.wp.com\/yas31.com\/wp-content\/uploads\/2024\/01\/Idris-Elba-Stars-in-Calvin-Klein-Menswear-Spring-2024-Campaign-04-1024x682.jpg?strip=info&#038;w=1280&#038;ssl=1 1280w\" alt=\"\" data-height=\"853\" data-id=\"43279\" data-link=\"https:\/\/yas31.com\/2024\/01\/idris-elba-campanha-calvin-klein\/idris-elba-stars-in-calvin-klein-menswear-spring-2024-campaign-04\/\" data-url=\"https:\/\/yas31.com\/wp-content\/uploads\/2024\/01\/Idris-Elba-Stars-in-Calvin-Klein-Menswear-Spring-2024-Campaign-04-1024x682.jpg\" data-width=\"1280\" src=\"https:\/\/i0.wp.com\/yas31.com\/wp-content\/uploads\/2024\/01\/Idris-Elba-Stars-in-Calvin-Klein-Menswear-Spring-2024-Campaign-04-1024x682.jpg?ssl=1\" data-amp-layout=\"responsive\" tabindex=\"0\" role=\"button\" aria-label=\"Abrir imagem 4 de 6 em tela cheia\"\/><\/a><\/figure><\/div><\/div><div class=\"tiled-gallery__row\"><div class=\"tiled-gallery__col\" style=\"flex-basis:50.00000%\"><figure class=\"tiled-gallery__item\"><a href=\"https:\/\/yas31.com\/wp-content\/uploads\/2024\/01\/Idris-Elba-Stars-in-Calvin-Klein-Menswear-Spring-2024-Campaign-05-682x1024.jpg\"><img decoding=\"async\" srcset=\"https:\/\/i0.wp.com\/yas31.com\/wp-content\/uploads\/2024\/01\/Idris-Elba-Stars-in-Calvin-Klein-Menswear-Spring-2024-Campaign-05-682x1024.jpg?strip=info&#038;w=600&#038;ssl=1 600w,https:\/\/i0.wp.com\/yas31.com\/wp-content\/uploads\/2024\/01\/Idris-Elba-Stars-in-Calvin-Klein-Menswear-Spring-2024-Campaign-05-682x1024.jpg?strip=info&#038;w=853&#038;ssl=1 853w\" alt=\"\" data-height=\"1280\" data-id=\"43284\" data-link=\"https:\/\/yas31.com\/2024\/01\/idris-elba-campanha-calvin-klein\/idris-elba-stars-in-calvin-klein-menswear-spring-2024-campaign-05\/\" data-url=\"https:\/\/yas31.com\/wp-content\/uploads\/2024\/01\/Idris-Elba-Stars-in-Calvin-Klein-Menswear-Spring-2024-Campaign-05-682x1024.jpg\" data-width=\"853\" src=\"https:\/\/i0.wp.com\/yas31.com\/wp-content\/uploads\/2024\/01\/Idris-Elba-Stars-in-Calvin-Klein-Menswear-Spring-2024-Campaign-05-682x1024.jpg?ssl=1\" data-amp-layout=\"responsive\" tabindex=\"0\" role=\"button\" aria-label=\"Abrir imagem 5 de 6 em tela cheia\"\/><\/a><\/figure><\/div><div class=\"tiled-gallery__col\" style=\"flex-basis:50.00000%\"><figure class=\"tiled-gallery__item\"><a href=\"https:\/\/yas31.com\/wp-content\/uploads\/2024\/01\/Idris-Elba-Stars-in-Calvin-Klein-Menswear-Spring-2024-Campaign-06-682x1024.jpg\"><img decoding=\"async\" srcset=\"https:\/\/i0.wp.com\/yas31.com\/wp-content\/uploads\/2024\/01\/Idris-Elba-Stars-in-Calvin-Klein-Menswear-Spring-2024-Campaign-06-682x1024.jpg?strip=info&#038;w=600&#038;ssl=1 600w,https:\/\/i0.wp.com\/yas31.com\/wp-content\/uploads\/2024\/01\/Idris-Elba-Stars-in-Calvin-Klein-Menswear-Spring-2024-Campaign-06-682x1024.jpg?strip=info&#038;w=853&#038;ssl=1 853w\" alt=\"\" data-height=\"1280\" data-id=\"43278\" data-link=\"https:\/\/yas31.com\/2024\/01\/idris-elba-campanha-calvin-klein\/idris-elba-stars-in-calvin-klein-menswear-spring-2024-campaign-06\/\" data-url=\"https:\/\/yas31.com\/wp-content\/uploads\/2024\/01\/Idris-Elba-Stars-in-Calvin-Klein-Menswear-Spring-2024-Campaign-06-682x1024.jpg\" data-width=\"853\" src=\"https:\/\/i0.wp.com\/yas31.com\/wp-content\/uploads\/2024\/01\/Idris-Elba-Stars-in-Calvin-Klein-Menswear-Spring-2024-Campaign-06-682x1024.jpg?ssl=1\" data-amp-layout=\"responsive\" tabindex=\"0\" role=\"button\" aria-label=\"Abrir imagem 6 de 6 em tela cheia\"\/><\/a><\/figure><\/div><\/div><\/div><\/div><\/div>\n","protected":false},"excerpt":{"rendered":"<p>Al\u00e9m de suas op\u00e7\u00f5es de roupas \u00edntimas, a Calvin Klein \u00e9 conhecida por suas campanhas e an\u00fancios principais que contam com talentos globais renomados nos campos do cinema, moda, m\u00fasica e mais. No in\u00edcio deste m\u00eas, a marca escolheu Jeremy Allen White para uma campanha ousada de Primavera 2024, que apresenta o f\u00edsico tonificado do astro usado Calvin&#8217;s brancos no topo de pr\u00e9dios em Nova York. Agora, a marca est\u00e1 de volta com sua segunda campanha de moda masculina para a Primavera 2024. Mergulhando novamente no mundo do cinema, as \u00faltimas imagens apresentam o aclamado ator brit\u00e2nico Idris Elba. Marcando [&hellip;]<\/p>\n","protected":false},"author":1,"featured_media":43283,"comment_status":"open","ping_status":"open","sticky":false,"template":"","format":"standard","meta":{"_jetpack_newsletter_access":"","_jetpack_dont_email_post_to_subs":false,"_jetpack_newsletter_tier_id":0,"_jetpack_memberships_contains_paywalled_content":false,"_jetpack_feature_clip_id":0,"_jetpack_memberships_contains_paid_content":false,"footnotes":"","jetpack_post_was_ever_published":false},"categories":[14],"tags":[215,847],"class_list":["post-26800","post","type-post","status-publish","format-standard","has-post-thumbnail","hentry","category-moda","tag-calvin-klein","tag-idris-elba","post--single"],"jetpack_featured_media_url":"","jetpack_sharing_enabled":true,"_links":{"self":[{"href":"https:\/\/yas31.com\/index.php?rest_route=\/wp\/v2\/posts\/26800","targetHints":{"allow":["GET"]}}],"collection":[{"href":"https:\/\/yas31.com\/index.php?rest_route=\/wp\/v2\/posts"}],"about":[{"href":"https:\/\/yas31.com\/index.php?rest_route=\/wp\/v2\/types\/post"}],"author":[{"embeddable":true,"href":"https:\/\/yas31.com\/index.php?rest_route=\/wp\/v2\/users\/1"}],"replies":[{"embeddable":true,"href":"https:\/\/yas31.com\/index.php?rest_route=%2Fwp%2Fv2%2Fcomments&post=26800"}],"version-history":[{"count":0,"href":"https:\/\/yas31.com\/index.php?rest_route=\/wp\/v2\/posts\/26800\/revisions"}],"wp:attachment":[{"href":"https:\/\/yas31.com\/index.php?rest_route=%2Fwp%2Fv2%2Fmedia&parent=26800"}],"wp:term":[{"taxonomy":"category","embeddable":true,"href":"https:\/\/yas31.com\/index.php?rest_route=%2Fwp%2Fv2%2Fcategories&post=26800"},{"taxonomy":"post_tag","embeddable":true,"href":"https:\/\/yas31.com\/index.php?rest_route=%2Fwp%2Fv2%2Ftags&post=26800"}],"curies":[{"name":"wp","href":"https:\/\/api.w.org\/{rel}","templated":true}]}}