{"id":17746,"date":"2023-03-01T10:19:51","date_gmt":"2023-03-01T13:19:51","guid":{"rendered":"https:\/\/nicemag.com.br\/?p=17746"},"modified":"2023-03-01T10:19:51","modified_gmt":"2023-03-01T13:19:51","slug":"michael-b-jordan-estrela-nova-campanha-da-calvin-klein","status":"publish","type":"post","link":"https:\/\/yas31.com\/?p=17746","title":{"rendered":"Michael B. Jordan estrela nova campanha da Calvin Klein"},"content":{"rendered":"\n<p class=\"has-text-align-justify wp-block-paragraph\">Nesta sexta-feira, <strong>Michael B. Jordan<\/strong> far\u00e1 sua estreia na dire\u00e7\u00e3o com o lan\u00e7amento de <strong><em>Creed III<\/em><\/strong>. Antes desse feito j\u00e1 aclamado, Jordan est\u00e1 lan\u00e7ando outra novidade na forma de uma nova campanha da <strong><span style=\"text-decoration: underline;\"><a href=\"https:\/\/nicemag.com.br\/tag\/Calvin-Klein\/\" target=\"_blank\" rel=\"noreferrer noopener\">Calvin Klein<\/a><\/span><\/strong> para Primavera\/Ver\u00e3o 2023.<\/p>\n\n\n\n<p class=\"has-text-align-justify wp-block-paragraph\">Fotografada pelos renomados fot\u00f3grafos <strong>Mert &amp; Marcus<\/strong>, a campanha mostra o poder de estrela e a paix\u00e3o de Jordan em uma s\u00e9rie de retratos confiantes, enquanto ele aparece sem roupa usando as \u00faltimas roupas \u00edntimas e roupas \u00edntimas da Calvin Klein. A campanha apresenta os novos estilos de roupas \u00edntimas de 1996, <strong><em>Athletic<\/em><\/strong> e <strong><em>Modern Cotton Performance<\/em><\/strong> da Calvin Klein, com cada silhueta exibindo um c\u00f3s da marca em tamanhos variados. As imagens de alfaiataria s\u00e3o exibidas atualmente nos <em>outdoors<\/em> da Calvin Klein em Houston St. e La Cienega, bem como nos canais sociais da marca.<\/p>\n\n\n\n<p class=\"has-text-align-justify wp-block-paragraph\">Como parte de sua primeira campanha com a marca, Jordan tamb\u00e9m \u00e9 visto em um novo v\u00eddeo tamb\u00e9m serve como a entrada mais recente da s\u00e9rie <strong>\u201cCalvins or Nothing\u201d<\/strong>, que j\u00e1 recrutou estrelas como Maya Hawke e Carlos Alcaraz, entre outros. Veja o v\u00eddeo da campanha estrelada por Jordan abaixo. A campanha completa da Primavera de 2023 da Calvin Klein est\u00e1 programada para ser lan\u00e7ada em 15 de mar\u00e7o.<\/p>\n\n\n\n<figure class=\"wp-block-embed is-type-video is-provider-youtube wp-block-embed-youtube wp-embed-aspect-16-9 wp-has-aspect-ratio\"><div class=\"wp-block-embed__wrapper\">\n<iframe loading=\"lazy\" title=\"Michael B. Jordan in Calvins or nothing | Calvin Klein Spring 2023\" width=\"1200\" height=\"675\" src=\"https:\/\/www.youtube.com\/embed\/Hy8hAgJTQ70?feature=oembed\" frameborder=\"0\" allow=\"accelerometer; autoplay; clipboard-write; encrypted-media; gyroscope; picture-in-picture; web-share\" allowfullscreen><\/iframe>\n<\/div><\/figure>\n\n\n\n<div class=\"wp-block-jetpack-tiled-gallery aligncenter is-style-rectangular\"><div class=\"tiled-gallery__gallery\"><div class=\"tiled-gallery__row\"><div class=\"tiled-gallery__col\" style=\"flex-basis:66.78752%\"><figure class=\"tiled-gallery__item\"><a href=\"https:\/\/nicemag.com.br\/wp-content\/uploads\/2023\/03\/Michael-B-Jordan-Calvin-Klein-Mert-Marcus-01.jpeg\"><img decoding=\"async\" srcset=\"https:\/\/i0.wp.com\/nicemag.com.br\/wp-content\/uploads\/2023\/03\/Michael-B-Jordan-Calvin-Klein-Mert-Marcus-01.jpeg?strip=info&#038;w=600&#038;ssl=1 600w,https:\/\/i0.wp.com\/nicemag.com.br\/wp-content\/uploads\/2023\/03\/Michael-B-Jordan-Calvin-Klein-Mert-Marcus-01.jpeg?strip=info&#038;w=800&#038;ssl=1 800w\" alt=\"\" data-height=\"533\" data-id=\"17748\" data-link=\"https:\/\/nicemag.com.br\/?attachment_id=17748\" data-url=\"https:\/\/nicemag.com.br\/wp-content\/uploads\/2023\/03\/Michael-B-Jordan-Calvin-Klein-Mert-Marcus-01.jpeg\" data-width=\"800\" src=\"https:\/\/i0.wp.com\/nicemag.com.br\/wp-content\/uploads\/2023\/03\/Michael-B-Jordan-Calvin-Klein-Mert-Marcus-01.jpeg?ssl=1\" data-amp-layout=\"responsive\"\/><\/a><\/figure><\/div><div class=\"tiled-gallery__col\" style=\"flex-basis:33.21248%\"><figure class=\"tiled-gallery__item\"><a href=\"https:\/\/nicemag.com.br\/wp-content\/uploads\/2023\/03\/Michael-B-Jordan-Calvin-Klein-Mert-Marcus-02.jpeg\"><img decoding=\"async\" srcset=\"https:\/\/i0.wp.com\/nicemag.com.br\/wp-content\/uploads\/2023\/03\/Michael-B-Jordan-Calvin-Klein-Mert-Marcus-02.jpeg?strip=info&#038;w=600&#038;ssl=1 600w,https:\/\/i0.wp.com\/nicemag.com.br\/wp-content\/uploads\/2023\/03\/Michael-B-Jordan-Calvin-Klein-Mert-Marcus-02.jpeg?strip=info&#038;w=800&#038;ssl=1 800w\" alt=\"\" data-height=\"533\" data-id=\"17749\" data-link=\"https:\/\/nicemag.com.br\/?attachment_id=17749\" data-url=\"https:\/\/nicemag.com.br\/wp-content\/uploads\/2023\/03\/Michael-B-Jordan-Calvin-Klein-Mert-Marcus-02.jpeg\" data-width=\"800\" src=\"https:\/\/i0.wp.com\/nicemag.com.br\/wp-content\/uploads\/2023\/03\/Michael-B-Jordan-Calvin-Klein-Mert-Marcus-02.jpeg?ssl=1\" data-amp-layout=\"responsive\"\/><\/a><\/figure><figure class=\"tiled-gallery__item\"><a href=\"https:\/\/nicemag.com.br\/wp-content\/uploads\/2023\/03\/Michael-B-Jordan-Calvin-Klein-Mert-Marcus-03.jpeg\"><img decoding=\"async\" srcset=\"https:\/\/i2.wp.com\/nicemag.com.br\/wp-content\/uploads\/2023\/03\/Michael-B-Jordan-Calvin-Klein-Mert-Marcus-03.jpeg?strip=info&#038;w=600&#038;ssl=1 600w,https:\/\/i2.wp.com\/nicemag.com.br\/wp-content\/uploads\/2023\/03\/Michael-B-Jordan-Calvin-Klein-Mert-Marcus-03.jpeg?strip=info&#038;w=800&#038;ssl=1 800w\" alt=\"\" data-height=\"533\" data-id=\"17750\" data-link=\"https:\/\/nicemag.com.br\/?attachment_id=17750\" data-url=\"https:\/\/nicemag.com.br\/wp-content\/uploads\/2023\/03\/Michael-B-Jordan-Calvin-Klein-Mert-Marcus-03.jpeg\" data-width=\"800\" src=\"https:\/\/i2.wp.com\/nicemag.com.br\/wp-content\/uploads\/2023\/03\/Michael-B-Jordan-Calvin-Klein-Mert-Marcus-03.jpeg?ssl=1\" data-amp-layout=\"responsive\"\/><\/a><\/figure><\/div><\/div><div class=\"tiled-gallery__row\"><div class=\"tiled-gallery__col\" style=\"flex-basis:100.00000%\"><figure class=\"tiled-gallery__item\"><a href=\"https:\/\/nicemag.com.br\/wp-content\/uploads\/2023\/03\/Michael-B-Jordan-Calvin-Klein-Mert-Marcus-04.jpeg\"><img decoding=\"async\" srcset=\"https:\/\/i0.wp.com\/nicemag.com.br\/wp-content\/uploads\/2023\/03\/Michael-B-Jordan-Calvin-Klein-Mert-Marcus-04.jpeg?strip=info&#038;w=600&#038;ssl=1 600w,https:\/\/i0.wp.com\/nicemag.com.br\/wp-content\/uploads\/2023\/03\/Michael-B-Jordan-Calvin-Klein-Mert-Marcus-04.jpeg?strip=info&#038;w=800&#038;ssl=1 800w\" alt=\"\" data-height=\"533\" data-id=\"17751\" data-link=\"https:\/\/nicemag.com.br\/?attachment_id=17751\" data-url=\"https:\/\/nicemag.com.br\/wp-content\/uploads\/2023\/03\/Michael-B-Jordan-Calvin-Klein-Mert-Marcus-04.jpeg\" data-width=\"800\" src=\"https:\/\/i0.wp.com\/nicemag.com.br\/wp-content\/uploads\/2023\/03\/Michael-B-Jordan-Calvin-Klein-Mert-Marcus-04.jpeg?ssl=1\" data-amp-layout=\"responsive\"\/><\/a><\/figure><\/div><\/div><\/div><\/div>\n","protected":false},"excerpt":{"rendered":"<p>Nesta sexta-feira, Michael B. Jordan far\u00e1 sua estreia na dire\u00e7\u00e3o com o lan\u00e7amento de Creed III. Antes desse feito j\u00e1 aclamado, Jordan est\u00e1 lan\u00e7ando outra novidade na forma de uma nova campanha da Calvin Klein para Primavera\/Ver\u00e3o 2023. Fotografada pelos renomados fot\u00f3grafos Mert &amp; Marcus, a campanha mostra o poder de estrela e a paix\u00e3o de Jordan em uma s\u00e9rie de retratos confiantes, enquanto ele aparece sem roupa usando as \u00faltimas roupas \u00edntimas e roupas \u00edntimas da Calvin Klein. A campanha apresenta os novos estilos de roupas \u00edntimas de 1996, Athletic e Modern Cotton Performance da Calvin Klein, com cada [&hellip;]<\/p>\n","protected":false},"author":1,"featured_media":17747,"comment_status":"open","ping_status":"open","sticky":false,"template":"","format":"video","meta":{"_jetpack_newsletter_access":"","_jetpack_dont_email_post_to_subs":false,"_jetpack_newsletter_tier_id":0,"_jetpack_memberships_contains_paywalled_content":false,"_jetpack_feature_clip_id":0,"_jetpack_memberships_contains_paid_content":false,"footnotes":"","jetpack_post_was_ever_published":false},"categories":[124],"tags":[215,80],"class_list":["post-17746","post","type-post","status-publish","format-video","has-post-thumbnail","hentry","category-entretenimento","tag-calvin-klein","tag-michael-b-jordan","post_format-post-format-video","post--single"],"jetpack_featured_media_url":"","jetpack_sharing_enabled":true,"_links":{"self":[{"href":"https:\/\/yas31.com\/index.php?rest_route=\/wp\/v2\/posts\/17746","targetHints":{"allow":["GET"]}}],"collection":[{"href":"https:\/\/yas31.com\/index.php?rest_route=\/wp\/v2\/posts"}],"about":[{"href":"https:\/\/yas31.com\/index.php?rest_route=\/wp\/v2\/types\/post"}],"author":[{"embeddable":true,"href":"https:\/\/yas31.com\/index.php?rest_route=\/wp\/v2\/users\/1"}],"replies":[{"embeddable":true,"href":"https:\/\/yas31.com\/index.php?rest_route=%2Fwp%2Fv2%2Fcomments&post=17746"}],"version-history":[{"count":0,"href":"https:\/\/yas31.com\/index.php?rest_route=\/wp\/v2\/posts\/17746\/revisions"}],"wp:attachment":[{"href":"https:\/\/yas31.com\/index.php?rest_route=%2Fwp%2Fv2%2Fmedia&parent=17746"}],"wp:term":[{"taxonomy":"category","embeddable":true,"href":"https:\/\/yas31.com\/index.php?rest_route=%2Fwp%2Fv2%2Fcategories&post=17746"},{"taxonomy":"post_tag","embeddable":true,"href":"https:\/\/yas31.com\/index.php?rest_route=%2Fwp%2Fv2%2Ftags&post=17746"}],"curies":[{"name":"wp","href":"https:\/\/api.w.org\/{rel}","templated":true}]}}