{"id":17347,"date":"2023-02-03T12:48:40","date_gmt":"2023-02-03T15:48:40","guid":{"rendered":"https:\/\/nicemag.com.br\/?p=17347"},"modified":"2023-02-03T12:48:40","modified_gmt":"2023-02-03T15:48:40","slug":"adidas-nova-marca-jenna-ortega-embaixadora","status":"publish","type":"post","link":"https:\/\/yas31.com\/?p=17347","title":{"rendered":"adidas lan\u00e7a nova marca em 50 anos com Jenna Ortega como embaixadora"},"content":{"rendered":"\n<p class=\"has-text-align-justify wp-block-paragraph\"><strong>Jenna Ortega<\/strong>, a Wandinha, est\u00e1 provando que \u00e9 pau para toda obra, agora anunciada como o novo rosto da gigante alem\u00e3 de roupas esportivas <strong><span style=\"text-decoration: underline;\"><a href=\"https:\/\/nicemag.com.br\/tag\/adidas\" target=\"_blank\" rel=\"noreferrer noopener\">adidas<\/a><\/span><\/strong>. Como a nova embaixadora global, Ortega deve ser o rosto da marca totalmente nova, ainda a ser revelada, chamada <strong>\u201cadidas Sportswear\u201d<\/strong>, sob o guarda-chuva da gigante de roupas esportivas. Este \u00e9 a primeira nova marca que a empresa lan\u00e7ou nos \u00faltimos 50 anos. Ortega compartilhou uma declara\u00e7\u00e3o ap\u00f3s ingressar na fam\u00edlia adidas:<\/p>\n\n\n\n<blockquote class=\"wp-block-quote is-layout-flow wp-block-quote-is-layout-flow\">\n<p class=\"has-text-align-justify wp-block-paragraph\">\u201cMeu amor pela adidas vem de anos. Sempre teve tanta presen\u00e7a nos esportes, na m\u00fasica e na cultura e continua a inovar de v\u00e1rias maneiras. Crescendo para mim, sempre teve que ser t\u00eanis adidas e Ts como o ideal. At\u00e9 hoje, muito do meu guarda-roupa \u00e9 composto pelas ic\u00f4nicas tr\u00eas listras. Sinto-me muito honrado em fazer parte desta fam\u00edlia lend\u00e1ria de agentes de mudan\u00e7a e ser o rosto de seu novo selo. Mal posso esperar para mostrar a voc\u00eas.\u201d<\/p>\n<\/blockquote>\n\n\n\n<p class=\"has-text-align-justify wp-block-paragraph\">Parece que a nova linha se concentrar\u00e1 em trazer uma lente criativa atualizada para a marca. A cole\u00e7\u00e3o, sem d\u00favida, se basear\u00e1 nas pe\u00e7as de heran\u00e7a da adidas, fazendo refer\u00eancia \u00e0s ra\u00edzes das Tr\u00eas Listras, ao mesmo tempo em que captura a aten\u00e7\u00e3o da pr\u00f3xima gera\u00e7\u00e3o. <strong>Brian Gevy<\/strong>, membro do Conselho Executivo da adidas, disse: <em>\u201cNa adidas, estamos constantemente procurando maneiras de ultrapassar os limites do esporte e da cultura. [\u00c9] t\u00e3o emocionante podermos anunciar que Jenna Ortega se juntou a n\u00f3s para lan\u00e7ar nosso primeiro novo selo em 50 anos. Uma pioneira progressiva e apaixonada da pr\u00f3xima gera\u00e7\u00e3o que est\u00e1 fazendo ondas em todo o mundo, sua maneira nova e criativa de pensar \u00e9 o que n\u00f3s, como marca, nos encontramos e continuamos a nos inspirar\u201d.<\/em><\/p>\n\n\n\n<p class=\"has-text-align-justify wp-block-paragraph\">A primeira cole\u00e7\u00e3o da <strong>adidas Sportswear<\/strong> est\u00e1 programada para chegar em 9 de fevereiro.<\/p>\n","protected":false},"excerpt":{"rendered":"<p>Jenna Ortega, a Wandinha, est\u00e1 provando que \u00e9 pau para toda obra, agora anunciada como o novo rosto da gigante alem\u00e3 de roupas esportivas adidas. Como a nova embaixadora global, Ortega deve ser o rosto da marca totalmente nova, ainda a ser revelada, chamada \u201cadidas Sportswear\u201d, sob o guarda-chuva da gigante de roupas esportivas. Este \u00e9 a primeira nova marca que a empresa lan\u00e7ou nos \u00faltimos 50 anos. Ortega compartilhou uma declara\u00e7\u00e3o ap\u00f3s ingressar na fam\u00edlia adidas: \u201cMeu amor pela adidas vem de anos. Sempre teve tanta presen\u00e7a nos esportes, na m\u00fasica e na cultura e continua a inovar de [&hellip;]<\/p>\n","protected":false},"author":1,"featured_media":17348,"comment_status":"open","ping_status":"open","sticky":false,"template":"","format":"standard","meta":{"_jetpack_newsletter_access":"","_jetpack_dont_email_post_to_subs":false,"_jetpack_newsletter_tier_id":0,"_jetpack_memberships_contains_paywalled_content":false,"_jetpack_feature_clip_id":0,"_jetpack_memberships_contains_paid_content":false,"footnotes":"","jetpack_post_was_ever_published":false},"categories":[14],"tags":[26,793,794],"class_list":["post-17347","post","type-post","status-publish","format-standard","has-post-thumbnail","hentry","category-moda","tag-adidas","tag-adidas-sportswear","tag-jenna-ortega","post--single"],"jetpack_featured_media_url":"","jetpack_sharing_enabled":true,"_links":{"self":[{"href":"https:\/\/yas31.com\/index.php?rest_route=\/wp\/v2\/posts\/17347","targetHints":{"allow":["GET"]}}],"collection":[{"href":"https:\/\/yas31.com\/index.php?rest_route=\/wp\/v2\/posts"}],"about":[{"href":"https:\/\/yas31.com\/index.php?rest_route=\/wp\/v2\/types\/post"}],"author":[{"embeddable":true,"href":"https:\/\/yas31.com\/index.php?rest_route=\/wp\/v2\/users\/1"}],"replies":[{"embeddable":true,"href":"https:\/\/yas31.com\/index.php?rest_route=%2Fwp%2Fv2%2Fcomments&post=17347"}],"version-history":[{"count":0,"href":"https:\/\/yas31.com\/index.php?rest_route=\/wp\/v2\/posts\/17347\/revisions"}],"wp:attachment":[{"href":"https:\/\/yas31.com\/index.php?rest_route=%2Fwp%2Fv2%2Fmedia&parent=17347"}],"wp:term":[{"taxonomy":"category","embeddable":true,"href":"https:\/\/yas31.com\/index.php?rest_route=%2Fwp%2Fv2%2Fcategories&post=17347"},{"taxonomy":"post_tag","embeddable":true,"href":"https:\/\/yas31.com\/index.php?rest_route=%2Fwp%2Fv2%2Ftags&post=17347"}],"curies":[{"name":"wp","href":"https:\/\/api.w.org\/{rel}","templated":true}]}}