{"id":12794,"date":"2021-09-10T06:17:00","date_gmt":"2021-09-10T09:17:00","guid":{"rendered":"https:\/\/nicemag.com.br\/?p=12794"},"modified":"2021-09-10T06:17:00","modified_gmt":"2021-09-10T09:17:00","slug":"ray-ban-facebook-oculos-inteligentes","status":"publish","type":"post","link":"https:\/\/yas31.com\/?p=12794","title":{"rendered":"Ray-Ban e Facebook lan\u00e7aram seu primeiro par de \u00f3culos inteligentes"},"content":{"rendered":"\n<p class=\"has-text-align-justify wp-block-paragraph\"><strong><span style=\"text-decoration: underline;\"><a href=\"https:\/\/nicemag.com.br\/tag\/Ray-Ban\/\" target=\"_blank\" rel=\"noreferrer noopener\">Ray-Ban<\/a><\/span><\/strong> e <strong>Facebook<\/strong> se uniram para criar seu primeiro par de \u00f3culos inteligentes, intitulado <strong>Ray-Ban Stories<\/strong>. Utilizando os renomados estilos <strong>Wayfarer<\/strong> de Ray-Ban, as duas entidades foram capazes de produzir um par de \u00f3culos que mant\u00e9m o estilo ao mesmo tempo em que \u00e9 capaz de capturar momentos di\u00e1rios.<\/p>\n\n\n\n<p class=\"has-text-align-justify wp-block-paragraph\">Os quadros v\u00eam em tr\u00eas estilos que incluem <strong>o Wayfarer, o Round e o Meteor<\/strong>. Al\u00e9m disso, os estilos v\u00eam em cinco cores e op\u00e7\u00f5es de lentes adicionais para um total de 20 varia\u00e7\u00f5es poss\u00edveis. Em rela\u00e7\u00e3o \u00e0s suas caracter\u00edsticas, os \u00f3culos possuem recursos de foto e v\u00eddeo instant\u00e2neos com c\u00e2meras duplas de <em>5MP<\/em> e luzes <em>LED<\/em> na frente. Para utilizar os recursos, basta pressionar um bot\u00e3o ou usar um comando de voz simples. O Ray-Ban Stories tamb\u00e9m possui Bluetooth integrado e uma matriz de \u00e1udio de 3 microfones, para que os usu\u00e1rios possam fazer chamadas ou ouvir m\u00fasica.<\/p>\n\n\n\n<p class=\"has-text-align-justify wp-block-paragraph\">\u201cO Ray-Ban Stories foi projetado para ajudar as pessoas a viver o momento e permanecer conectadas com as pessoas com quem est\u00e3o e com quem gostariam de estar\u201d, disse <strong>Andrew Bosworth<\/strong>, vice-presidente do Facebook Reality Labs. \u201cA EssilorLuxottica tem sido nada menos do que estelar nesta parceria e, por meio de seu compromisso com a excel\u00eancia, fomos capazes de oferecer estilo e subst\u00e2ncia de uma forma que redefinir\u00e1 as expectativas dos \u00f3culos inteligentes\u201d. <\/p>\n\n\n\n<p class=\"has-text-align-justify wp-block-paragraph\">Vendidas no varejo por 299 d\u00f3lares, as <strong>Ray-Ban Stories<\/strong> j\u00e1 est\u00e3o dispon\u00edveis em algumas lojas Ray-Ban e no <span style=\"text-decoration: underline;\"><a href=\"https:\/\/www.ray-ban.com\/usa\" target=\"_blank\" rel=\"noreferrer noopener nofollow\">site da Ray-Ban<\/a><\/span>. Al\u00e9m disso, os \u00f3culos est\u00e3o dispon\u00edveis com lentes polarizadas por 329 d\u00f3lares, lentes de transi\u00e7\u00e3o por 379 d\u00f3lares e lentes graduadas, que variam de pre\u00e7o.<\/p>\n\n\n\n<div class=\"wp-block-jetpack-tiled-gallery aligncenter is-style-rectangular\"><div class=\"tiled-gallery__gallery\"><div class=\"tiled-gallery__row\"><div class=\"tiled-gallery__col\" style=\"flex-basis:50.02919%\"><figure class=\"tiled-gallery__item\"><a href=\"https:\/\/i1.wp.com\/nicemag.com.br\/wp-content\/uploads\/2021\/09\/Ray-Ban-and-Facebook-Smart-Glasses-01-1024x682.jpg?ssl=1\"><img decoding=\"async\" srcset=\"https:\/\/i1.wp.com\/nicemag.com.br\/wp-content\/uploads\/2021\/09\/Ray-Ban-and-Facebook-Smart-Glasses-01-1024x682.jpg?strip=info&#038;w=600&#038;ssl=1 600w,https:\/\/i1.wp.com\/nicemag.com.br\/wp-content\/uploads\/2021\/09\/Ray-Ban-and-Facebook-Smart-Glasses-01-1024x682.jpg?strip=info&#038;w=900&#038;ssl=1 900w,https:\/\/i1.wp.com\/nicemag.com.br\/wp-content\/uploads\/2021\/09\/Ray-Ban-and-Facebook-Smart-Glasses-01-1024x682.jpg?strip=info&#038;w=1200&#038;ssl=1 1200w,https:\/\/i1.wp.com\/nicemag.com.br\/wp-content\/uploads\/2021\/09\/Ray-Ban-and-Facebook-Smart-Glasses-01-1024x682.jpg?strip=info&#038;w=1280&#038;ssl=1 1280w\" alt=\"\" data-height=\"853\" data-id=\"12795\" data-link=\"https:\/\/nicemag.com.br\/?attachment_id=12795\" data-url=\"https:\/\/nicemag.com.br\/wp-content\/uploads\/2021\/09\/Ray-Ban-and-Facebook-Smart-Glasses-01-1024x682.jpg\" data-width=\"1280\" src=\"https:\/\/i1.wp.com\/nicemag.com.br\/wp-content\/uploads\/2021\/09\/Ray-Ban-and-Facebook-Smart-Glasses-01-1024x682.jpg?ssl=1\" data-amp-layout=\"responsive\"\/><\/a><\/figure><\/div><div class=\"tiled-gallery__col\" style=\"flex-basis:49.97081%\"><figure class=\"tiled-gallery__item\"><a href=\"https:\/\/i0.wp.com\/nicemag.com.br\/wp-content\/uploads\/2021\/09\/Ray-Ban-and-Facebook-Smart-Glasses-02-1024x683.jpg?ssl=1\"><img decoding=\"async\" srcset=\"https:\/\/i0.wp.com\/nicemag.com.br\/wp-content\/uploads\/2021\/09\/Ray-Ban-and-Facebook-Smart-Glasses-02-1024x683.jpg?strip=info&#038;w=600&#038;ssl=1 600w,https:\/\/i0.wp.com\/nicemag.com.br\/wp-content\/uploads\/2021\/09\/Ray-Ban-and-Facebook-Smart-Glasses-02-1024x683.jpg?strip=info&#038;w=900&#038;ssl=1 900w,https:\/\/i0.wp.com\/nicemag.com.br\/wp-content\/uploads\/2021\/09\/Ray-Ban-and-Facebook-Smart-Glasses-02-1024x683.jpg?strip=info&#038;w=1200&#038;ssl=1 1200w,https:\/\/i0.wp.com\/nicemag.com.br\/wp-content\/uploads\/2021\/09\/Ray-Ban-and-Facebook-Smart-Glasses-02-1024x683.jpg?strip=info&#038;w=1280&#038;ssl=1 1280w\" alt=\"\" data-height=\"854\" data-id=\"12796\" data-link=\"https:\/\/nicemag.com.br\/?attachment_id=12796\" data-url=\"https:\/\/nicemag.com.br\/wp-content\/uploads\/2021\/09\/Ray-Ban-and-Facebook-Smart-Glasses-02-1024x683.jpg\" data-width=\"1280\" src=\"https:\/\/i0.wp.com\/nicemag.com.br\/wp-content\/uploads\/2021\/09\/Ray-Ban-and-Facebook-Smart-Glasses-02-1024x683.jpg?ssl=1\" data-amp-layout=\"responsive\"\/><\/a><\/figure><\/div><\/div><\/div><\/div>\n","protected":false},"excerpt":{"rendered":"<p>Ray-Ban e Facebook se uniram para criar seu primeiro par de \u00f3culos inteligentes, intitulado Ray-Ban Stories. Utilizando os renomados estilos Wayfarer de Ray-Ban, as duas entidades foram capazes de produzir um par de \u00f3culos que mant\u00e9m o estilo ao mesmo tempo em que \u00e9 capaz de capturar momentos di\u00e1rios. Os quadros v\u00eam em tr\u00eas estilos que incluem o Wayfarer, o Round e o Meteor. Al\u00e9m disso, os estilos v\u00eam em cinco cores e op\u00e7\u00f5es de lentes adicionais para um total de 20 varia\u00e7\u00f5es poss\u00edveis. Em rela\u00e7\u00e3o \u00e0s suas caracter\u00edsticas, os \u00f3culos possuem recursos de foto e v\u00eddeo instant\u00e2neos com c\u00e2meras [&hellip;]<\/p>\n","protected":false},"author":1,"featured_media":12795,"comment_status":"open","ping_status":"open","sticky":false,"template":"","format":"standard","meta":{"_jetpack_newsletter_access":"","_jetpack_dont_email_post_to_subs":false,"_jetpack_newsletter_tier_id":0,"_jetpack_memberships_contains_paywalled_content":false,"_jetpack_feature_clip_id":0,"_jetpack_memberships_contains_paid_content":false,"footnotes":"","jetpack_post_was_ever_published":false},"categories":[104],"tags":[591,447],"class_list":["post-12794","post","type-post","status-publish","format-standard","has-post-thumbnail","hentry","category-tecnologia","tag-facebook","tag-ray-ban","post--single"],"jetpack_featured_media_url":"","jetpack_sharing_enabled":true,"_links":{"self":[{"href":"https:\/\/yas31.com\/index.php?rest_route=\/wp\/v2\/posts\/12794","targetHints":{"allow":["GET"]}}],"collection":[{"href":"https:\/\/yas31.com\/index.php?rest_route=\/wp\/v2\/posts"}],"about":[{"href":"https:\/\/yas31.com\/index.php?rest_route=\/wp\/v2\/types\/post"}],"author":[{"embeddable":true,"href":"https:\/\/yas31.com\/index.php?rest_route=\/wp\/v2\/users\/1"}],"replies":[{"embeddable":true,"href":"https:\/\/yas31.com\/index.php?rest_route=%2Fwp%2Fv2%2Fcomments&post=12794"}],"version-history":[{"count":0,"href":"https:\/\/yas31.com\/index.php?rest_route=\/wp\/v2\/posts\/12794\/revisions"}],"wp:attachment":[{"href":"https:\/\/yas31.com\/index.php?rest_route=%2Fwp%2Fv2%2Fmedia&parent=12794"}],"wp:term":[{"taxonomy":"category","embeddable":true,"href":"https:\/\/yas31.com\/index.php?rest_route=%2Fwp%2Fv2%2Fcategories&post=12794"},{"taxonomy":"post_tag","embeddable":true,"href":"https:\/\/yas31.com\/index.php?rest_route=%2Fwp%2Fv2%2Ftags&post=12794"}],"curies":[{"name":"wp","href":"https:\/\/api.w.org\/{rel}","templated":true}]}}